{"id":12853,"date":"2025-11-19T11:33:35","date_gmt":"2025-11-19T11:33:35","guid":{"rendered":"https:\/\/plasticseurope.org\/de\/?p=12853"},"modified":"2026-04-14T11:39:06","modified_gmt":"2026-04-14T11:39:06","slug":"licht-und-schatten-beim-neuen-verpackungsgesetz","status":"publish","type":"post","link":"https:\/\/plasticseurope.org\/de\/2025\/11\/19\/licht-und-schatten-beim-neuen-verpackungsgesetz\/","title":{"rendered":"Licht und Schatten beim neuen Verpackungsgesetz"},"content":{"rendered":"\n<h2 class=\"wp-block-heading\">Neue Regeln f\u00fcr Verpackungen: Investitionsanreize f\u00fcr chemisches Recycling und zus\u00e4tzliche B\u00fcrokratiekosten&nbsp;<\/h2>\n\n\n\n<div style=\"height:100px\" aria-hidden=\"true\" class=\"wp-block-spacer is-style-small\"><\/div>\n\n\n\n<p><strong>Frankfurt am Main, 19. November<\/strong> <strong>2025<\/strong> \u2013 Das Bundesumweltministerium hat den Referentenentwurf f\u00fcr ein neues Verpackungsgesetz (\u201eVerpackungsrecht-Durchf\u00fchrungsgesetz\u201c) vorgelegt. Die Bundesregierung will damit die Vorgaben der europ\u00e4ischen Verpackungsverordnung umsetzen und die Kreislauff\u00fchrung von Verpackungen f\u00f6rdern. So wird die Herstellerverantwortung deutlich ausgeweitet, eine neue Organisation f\u00fcr Reduzierung- und Pr\u00e4ventionsma\u00dfnahmen vorgesehen und es werden neue Recyclingziele vorgegeben. &nbsp; <\/p>\n\n\n\n<p>Nach Einsch\u00e4tzung von Plastics Europe Deutschland, dem Verband der Kunststofferzeuger, setzt die Politik mit dem neuen Referentenentwurf ein wichtiges positives Signal: Chemisches Recycling wird als erg\u00e4nzende Kreislauftechnologie anerkannt und kann k\u00fcnftig zur Erf\u00fcllung der Recyclingquoten beitragen \u2013 ohne die Belange der mechanischen Recycler zu vernachl\u00e4ssigen.<\/p>\n\n\n\n<h2 class=\"wp-block-heading\">Chemisches Recycling erg\u00e4nzt mechanische Verfahren<\/h2>\n\n\n\n<p>\u201eDamit findet ein sinnvoller Kompromiss Eingang in die Gesetzgebung\u201c, sagt Dr. Christine Bunte, Hauptgesch\u00e4ftsf\u00fchrerin von Plastics Europe Deutschland. \u201eDer Referentenentwurf sieht vor, dass Unternehmen bis 2030 mindestens 75 Prozent ihrer Kunststoffverpackungen recyceln. Bis zu 5 Prozent dieser Quote k\u00f6nnen \u00fcber chemisches Recycling erreicht werden.\u201c<\/p>\n\n\n\n<p>\u201cDie Quote stelle sicher, dass der Gro\u00dfteil der Verpackungen auch k\u00fcnftig mechanisch recycelt werde\u201d, so Bunte. Mechanisches Recycling ist eine gut etablierte Abfallverwertungsmethode in Deutschland und stellt f\u00fcr s\u00e4mtliche Kunststoffabf\u00e4lle technisch, \u00f6kobilanziell und wirtschaftlich die erste Wahl dar. Die auf diese Weise nicht rezyklierbaren Kunststoffabf\u00e4lle sollten technologieoffen mittels l\u00f6semittelbasierter und chemischer Recyclingverfahren im Kreislauf gehalten werden. \u201eWas jetzt noch fehlt, ist rechtliche Klarheit auf europ\u00e4ischer Ebene in Bezug auf Massenbilanzen und das Ende der Abfalleigenschaft. Diese beiden Ma\u00dfnahmen w\u00fcrden den Unternehmen noch mehr Planungssicherheit geben und weitere starke Investitionsanreize f\u00fcr die Kreislaufwirtschaft schaffen.<\/p>\n\n\n\n<p><a id=\"_msocom_1\"><\/a><\/p>\n\n\n\n<h2 class=\"wp-block-heading\">Pragmatische und effiziente Regeln sind unbedingt erforderlich<\/h2>\n\n\n\n<p>Plastics Europe Deutschland warnt jedoch vor den Mehrkosten von gesch\u00e4tzten knapp 90 Millionen Euro f\u00fcr die Industrie durch das neue VerpackDG. Diese Mehrbelastung steht im v\u00f6lligen Gegensatz zu der dringenden Notwendigkeit, b\u00fcrokratische und administrative Kosten f\u00fcr die Wirtschaft zu reduzieren.<\/p>\n\n\n\n<p>\u201eDie Mehrkosten entstehen teilweise durch die Erf\u00fcllung europ\u00e4ischer Vorgaben. Allerdings werden wir noch einmal sehr genau hinschauen m\u00fcssen, ob der aktuelle Entwurf wirklich die kosteneffizienteste Umsetzung darstellt\u201c, so Bunte.<\/p>\n\n\n\n<p>Der Verband der Kunststoffhersteller bedauert zudem, dass der Vorschlag immer noch keine Ausgestaltung vorsieht, wie sich finanzielle Anreize f\u00fcr nachhaltige Verpackungsl\u00f6sungen in Deutschland umsetzen lassen (bisheriger \u00a7 21 VerpackG). \u201eHier liegen konkrete Vorschl\u00e4ge auf dem Tisch, beispielsweise das Fondsmodell. Deutschland sollte daher nicht l\u00e4nger warten und anderen L\u00e4ndern die F\u00fchrung \u00fcberlassen, Recyclingf\u00e4higkeit und Rezyklateinsatz finanziell zu belohnen\u201c, so die Hauptgesch\u00e4ftsf\u00fchrerin von Plastics Europe Deutschland.<\/p>\n\n\n\n<h2 class=\"wp-block-heading\">Hintergrund: Was ist chemisches Recycling? <\/h2>\n\n\n\n<p>Beim chemischen Recycling werden Kunststoffabf\u00e4lle <strong>in ihre chemischen Grundstoffe zerlegt<\/strong><strong>.<\/strong> Die dabei entstehenden kohlenstoffhaltigen \u00d6le, Gase und Feststoffe k\u00f6nnen erneut zur Herstellung von Kunststoffen verwendet werden und fossile Rohstoffe in der Kunststoffproduktion teilweise ersetzen. Chemisches Recycling gilt daher als ein wichtiger Baustein f\u00fcr die Defossilierung der Kunststoffproduktion.<\/p>\n\n\n\n<p>Chemische Recyclingverfahren, wie die Pyrolyse oder Solvolyse, sind vor allem f\u00fcr solche Kunststoffe sinnvoll, die sich nicht mehr mechanisch recyceln lassen.&nbsp;Dadurch kann chemisches Recycling auch die Wiederverwertung von stark verunreinigten oder komplexen Kunststoffabf\u00e4llen erm\u00f6glichen. Dazu geh\u00f6ren zum Beispiel alte Autoreifen, Matratzen, Textilien oder gemischte Kunststoffabf\u00e4lle, die bisher meist verbrannt werden. Ein weiterer Vorteil: durch chemische Verfahren lassen sich Verunreinigungen aus dem Sekund\u00e4rrohstoff entfernen, die bei mechanischen Prozessen im Kunststoff bleiben. So k\u00f6nnen die erhaltenen Rohstoffe auch f\u00fcr sensitive Anwendungen wie Lebensmittelverpackungen oder sicherheitsrelevante Autobauteile eingesetzt werden.<a id=\"_msocom_1\"><\/a><\/p>\n\n\n\n<div style=\"height:100px\" aria-hidden=\"true\" class=\"wp-block-spacer is-style-small\"><\/div>\n\n\n\n<h2 class=\"wp-block-heading\">Pressefotos zum freien Download<\/h2>\n\n\n\n<div style=\"height:100px\" aria-hidden=\"true\" class=\"wp-block-spacer is-style-small\"><\/div>\n\n\n\n<figure class=\"wp-block-image size-full is-resized\"><a href=\"https:\/\/plasticseurope.org\/de\/wp-content\/uploads\/sites\/3\/2024\/08\/Chemisches-Recycling.png\"><img loading=\"lazy\" decoding=\"async\" width=\"1920\" height=\"1080\" src=\"https:\/\/plasticseurope.org\/de\/wp-content\/uploads\/sites\/3\/2024\/08\/Chemisches-Recycling.png\" alt=\"Chemisches Recycling\" class=\"wp-image-10869\" style=\"width:1406px;height:auto\" srcset=\"https:\/\/plasticseurope.org\/de\/wp-content\/uploads\/sites\/3\/2024\/08\/Chemisches-Recycling.png 1920w, https:\/\/plasticseurope.org\/de\/wp-content\/uploads\/sites\/3\/2024\/08\/Chemisches-Recycling-300x169.png 300w, https:\/\/plasticseurope.org\/de\/wp-content\/uploads\/sites\/3\/2024\/08\/Chemisches-Recycling-1024x576.png 1024w, https:\/\/plasticseurope.org\/de\/wp-content\/uploads\/sites\/3\/2024\/08\/Chemisches-Recycling-768x432.png 768w, https:\/\/plasticseurope.org\/de\/wp-content\/uploads\/sites\/3\/2024\/08\/Chemisches-Recycling-1536x864.png 1536w, https:\/\/plasticseurope.org\/de\/wp-content\/uploads\/sites\/3\/2024\/08\/Chemisches-Recycling-1280x720.png 1280w\" sizes=\"auto, (max-width: 1920px) 100vw, 1920px\" \/><\/a><figcaption class=\"wp-element-caption\"><em>Beim chemischen Recycling werden komplexe Kunststoffe in Ihre chemischen Bestandteile zerlegt, die wieder f\u00fcr die Produktion neuer Kunststoffe genutzt werden k\u00f6nnen.<\/em><\/figcaption><\/figure>\n\n\n\n<div id=\"explore-block_f1cf9afe1d8843b7c703c3e1c852ba32\" class=\"explore-further\">\n  <div class=\"flex flex-col bg-mist-900 rounded-md mt-8 md:mt-28 md:w-1\/2 md:mr-auto\">\n    <div class=\"flex-1 relative p-6 md:px-10 md:py-8\">\n      <div class=\"absolute top-0 left-0 p-5 inline-block transform -translate-x-1\/2 -translate-y-1\/2\">\n      <\/div>\n      \n\n<h3 class=\"wp-block-heading\">Weiterf\u00fchrende Links<\/h3>\n\n\n\n<p><a href=\"https:\/\/plasticseurope.org\/de\/nachhaltigkeit\/kreislaufwirtschaft\/recycling\/chemisches-recycling\/\">Chemisches Recycling &#8211; Alle Fragen auf einen Blick<\/a><\/p>\n\n\n    <\/div>\n  <\/div>\n<\/div>\n\n\n\n<div style=\"height:100px\" aria-hidden=\"true\" class=\"wp-block-spacer is-style-small\"><\/div>\n\n\n\n<div style=\"height:16px\" aria-hidden=\"true\" class=\"wp-block-spacer is-style-medium\"><\/div>\n\n\n\n<h2 class=\"wp-block-heading\">\u00dcber den Verband<\/h2>\n\n\n\n<p><em><em><em>Plastics Europe ist der paneurop\u00e4ische Verband der Kunststoffhersteller mit B\u00fcros in ganz Europa. Seit \u00fcber 100 Jahren pr\u00e4gen Wissenschaft und Innovation die DNA unserer Branche. Unsere Mitglieder stellen \u00fcber 90 % aller Polymere in der EU27+3 (Norwegen, Schweiz, UK) her. Wir verstehen uns als Impulsgeber der Industrie, mit der Verantwortung, im offenen Dialog mit Stakeholdern sichere, kreislauforientierte und nachhaltige L\u00f6sungen zu entwickeln. Unser Ziel ist es, langfristig positive Ver\u00e4nderungen zu gestalten.<\/em><\/em><\/em><\/p>\n\n\n\n<div style=\"height:16px\" aria-hidden=\"true\" class=\"wp-block-spacer is-style-medium\"><\/div>\n\n\n\n<hr class=\"wp-block-separator has-text-color has-jade-color has-alpha-channel-opacity has-jade-background-color has-background\" \/>\n\n\n\n<div style=\"height:16px\" aria-hidden=\"true\" class=\"wp-block-spacer is-style-medium\"><\/div>\n\n\n\n<div class=\"wp-block-columns is-layout-flex wp-container-core-columns-is-layout-28f84493 wp-block-columns-is-layout-flex\">\n<div class=\"wp-block-column is-layout-flow wp-block-column-is-layout-flow\" style=\"flex-basis:63%\">\n<div class=\"wp-block-group is-layout-flow wp-block-group-is-layout-flow\">\n<figure class=\"wp-block-image size-full rounded-md overflow-hidden\"><img loading=\"lazy\" decoding=\"async\" width=\"540\" height=\"540\" src=\"https:\/\/plasticseurope.org\/de\/wp-content\/uploads\/sites\/3\/2023\/07\/Portrait_Bettina-Dempewolf_c_PlasticsEurope_540x540.png\" alt=\"Bettina Dempewolf: Sechs Ma\u00dfnahmen, die langfristig gegen das M\u00fcllproblem helfen\" class=\"wp-image-3107\" srcset=\"https:\/\/plasticseurope.org\/de\/wp-content\/uploads\/sites\/3\/2023\/07\/Portrait_Bettina-Dempewolf_c_PlasticsEurope_540x540.png 540w, https:\/\/plasticseurope.org\/de\/wp-content\/uploads\/sites\/3\/2023\/07\/Portrait_Bettina-Dempewolf_c_PlasticsEurope_540x540-300x300.png 300w, https:\/\/plasticseurope.org\/de\/wp-content\/uploads\/sites\/3\/2023\/07\/Portrait_Bettina-Dempewolf_c_PlasticsEurope_540x540-150x150.png 150w\" sizes=\"auto, (max-width: 540px) 100vw, 540px\" \/><\/figure>\n<\/div>\n<\/div>\n\n\n\n<div class=\"wp-block-column is-layout-flow wp-block-column-is-layout-flow\" style=\"flex-basis:250%\">\n<p>Ihre Ansprechpartnerin bei Plastics Europe Deutschland:<\/p>\n\n\n\n<p><strong>Bettina Dempewolf<\/strong><br>Leiterin Kommunikation<br>Telefon: +49 171 9713962<\/p>\n\n\n\n<div class=\"wp-block-buttons is-layout-flex wp-block-buttons-is-layout-flex\">\n<div class=\"wp-block-button\"><a class=\"wp-block-button__link has-white-color has-jade-background-color has-text-color has-background wp-element-button\" href=\"https:\/\/145576185.hs-sites-eu1.com\/en\/fast-facts-2025-media-kit\">Link zur Pressemappe<\/a><\/div>\n<\/div>\n\n\n\n<div style=\"height:16px\" aria-hidden=\"true\" class=\"wp-block-spacer is-style-small\"><\/div>\n\n\n\n<p><em>Inklusive PDF-Report, Pressefotos und Infografiken.<\/em><\/p>\n<\/div>\n<\/div>\n\n\n\n<hr class=\"wp-block-separator has-text-color has-jade-color has-alpha-channel-opacity has-jade-background-color has-background\" \/>\n\n\n\n<p><\/p>\n","protected":false},"excerpt":{"rendered":"<p>Neue Regeln f\u00fcr Verpackungen mit Investitionsanreizen f\u00fcr chemisches Recycling und zus\u00e4tzlichen B\u00fcrokratiekosten\u00a0<\/p>\n","protected":false},"author":1,"featured_media":12855,"comment_status":"closed","ping_status":"closed","sticky":false,"template":"","format":"standard","meta":{"footnotes":""},"categories":[6,7],"tags":[62,21,117,63,69,291,85,40,207],"class_list":["post-12853","post","type-post","status-publish","format-standard","has-post-thumbnail","hentry","category-news","category-pressemitteilungen","tag-chemisches-recycling","tag-kreislaufwirtschaft","tag-massenbilanzen","tag-mechanisches-recycling","tag-plastics-europe","tag-plastics-the-fast-facts","tag-recycling","tag-rezyklat","tag-wettbewerbsfaehigkeit"],"acf":[],"yoast_head":"<!-- This site is optimized with the Yoast SEO plugin v21.6 - https:\/\/yoast.com\/wordpress\/plugins\/seo\/ -->\n<title>Licht und Schatten beim neuen Verpackungsgesetz<\/title>\n<meta name=\"description\" content=\"Neue Regeln f\u00fcr Verpackungen mit Investitionsanreizen f\u00fcr chemisches Recycling und zus\u00e4tzlichen B\u00fcrokratiekosten\u00a0\" \/>\n<meta name=\"robots\" content=\"index, follow, max-snippet:-1, max-image-preview:large, max-video-preview:-1\" \/>\n<link rel=\"canonical\" href=\"https:\/\/plasticseurope.org\/de\/2025\/11\/19\/licht-und-schatten-beim-neuen-verpackungsgesetz\/\" \/>\n<meta property=\"og:locale\" content=\"de_DE\" \/>\n<meta property=\"og:type\" content=\"article\" \/>\n<meta property=\"og:title\" content=\"Licht und Schatten beim neuen Verpackungsgesetz\" \/>\n<meta property=\"og:description\" content=\"Neue Regeln f\u00fcr Verpackungen mit Investitionsanreizen f\u00fcr chemisches Recycling und zus\u00e4tzlichen B\u00fcrokratiekosten\u00a0\" \/>\n<meta property=\"og:url\" content=\"https:\/\/plasticseurope.org\/de\/2025\/11\/19\/licht-und-schatten-beim-neuen-verpackungsgesetz\/\" \/>\n<meta property=\"og:site_name\" content=\"Plastics Europe DE\" \/>\n<meta property=\"article:published_time\" content=\"2025-11-19T11:33:35+00:00\" \/>\n<meta property=\"article:modified_time\" content=\"2026-04-14T11:39:06+00:00\" \/>\n<meta property=\"og:image\" content=\"https:\/\/plasticseurope.org\/de\/wp-content\/uploads\/sites\/3\/2025\/11\/VerpackungsDG.png\" \/>\n\t<meta property=\"og:image:width\" content=\"1920\" \/>\n\t<meta property=\"og:image:height\" content=\"1080\" \/>\n\t<meta property=\"og:image:type\" content=\"image\/png\" \/>\n<meta name=\"author\" content=\"admin\" \/>\n<meta name=\"twitter:card\" content=\"summary_large_image\" \/>\n<meta name=\"twitter:title\" content=\"Licht und Schatten beim neuen Verpackungsgesetz\" \/>\n<meta name=\"twitter:description\" content=\"Neue Regeln f\u00fcr Verpackungen mit Investitionsanreizen f\u00fcr chemisches Recycling und zus\u00e4tzlichen B\u00fcrokratiekosten\u00a0\" \/>\n<meta name=\"twitter:image\" content=\"https:\/\/plasticseurope.org\/de\/wp-content\/uploads\/sites\/3\/2025\/11\/VerpackungsDG.png\" \/>\n<meta name=\"twitter:creator\" content=\"@wp-admin\" \/>\n<meta name=\"twitter:label1\" content=\"Verfasst von\" \/>\n\t<meta name=\"twitter:data1\" content=\"admin\" \/>\n<script type=\"application\/ld+json\" class=\"yoast-schema-graph\">{\"@context\":\"https:\/\/schema.org\",\"@graph\":[{\"@type\":\"WebPage\",\"@id\":\"https:\/\/plasticseurope.org\/de\/2025\/11\/19\/licht-und-schatten-beim-neuen-verpackungsgesetz\/\",\"url\":\"https:\/\/plasticseurope.org\/de\/2025\/11\/19\/licht-und-schatten-beim-neuen-verpackungsgesetz\/\",\"name\":\"Licht und Schatten beim neuen Verpackungsgesetz\",\"isPartOf\":{\"@id\":\"https:\/\/plasticseurope.org\/de\/#website\"},\"datePublished\":\"2025-11-19T11:33:35+00:00\",\"dateModified\":\"2026-04-14T11:39:06+00:00\",\"author\":{\"@id\":\"https:\/\/plasticseurope.org\/de\/#\/schema\/person\/1b7f52b3f1507100c36b9dac252b749a\"},\"description\":\"Neue Regeln f\u00fcr Verpackungen mit Investitionsanreizen f\u00fcr chemisches Recycling und zus\u00e4tzlichen B\u00fcrokratiekosten\u00a0\",\"breadcrumb\":{\"@id\":\"https:\/\/plasticseurope.org\/de\/2025\/11\/19\/licht-und-schatten-beim-neuen-verpackungsgesetz\/#breadcrumb\"},\"inLanguage\":\"de-DE\",\"potentialAction\":[{\"@type\":\"ReadAction\",\"target\":[\"https:\/\/plasticseurope.org\/de\/2025\/11\/19\/licht-und-schatten-beim-neuen-verpackungsgesetz\/\"]}]},{\"@type\":\"BreadcrumbList\",\"@id\":\"https:\/\/plasticseurope.org\/de\/2025\/11\/19\/licht-und-schatten-beim-neuen-verpackungsgesetz\/#breadcrumb\",\"itemListElement\":[{\"@type\":\"ListItem\",\"position\":1,\"name\":\"Home\",\"item\":\"https:\/\/plasticseurope.org\/de\/\"},{\"@type\":\"ListItem\",\"position\":2,\"name\":\"Licht und Schatten beim neuen Verpackungsgesetz\"}]},{\"@type\":\"WebSite\",\"@id\":\"https:\/\/plasticseurope.org\/de\/#website\",\"url\":\"https:\/\/plasticseurope.org\/de\/\",\"name\":\"Plastics Europe DE\",\"description\":\"Enabling a sustainable future\",\"potentialAction\":[{\"@type\":\"SearchAction\",\"target\":{\"@type\":\"EntryPoint\",\"urlTemplate\":\"https:\/\/plasticseurope.org\/de\/?s={search_term_string}\"},\"query-input\":\"required name=search_term_string\"}],\"inLanguage\":\"de-DE\"},{\"@type\":\"Person\",\"@id\":\"https:\/\/plasticseurope.org\/de\/#\/schema\/person\/1b7f52b3f1507100c36b9dac252b749a\",\"name\":\"admin\",\"image\":{\"@type\":\"ImageObject\",\"inLanguage\":\"de-DE\",\"@id\":\"https:\/\/plasticseurope.org\/de\/#\/schema\/person\/image\/\",\"url\":\"https:\/\/secure.gravatar.com\/avatar\/efc201767be6b43dfb89fdc85d2874f9ce0d79f7f853bd7c271900cd369fa0f8?s=96&d=mm&r=g\",\"contentUrl\":\"https:\/\/secure.gravatar.com\/avatar\/efc201767be6b43dfb89fdc85d2874f9ce0d79f7f853bd7c271900cd369fa0f8?s=96&d=mm&r=g\",\"caption\":\"admin\"},\"sameAs\":[\"https:\/\/plasticseurope.org\/\",\"https:\/\/twitter.com\/wp-admin\"],\"url\":\"https:\/\/plasticseurope.org\/de\/author\/wp-admin\/\"}]}<\/script>\n<!-- \/ Yoast SEO plugin. -->","yoast_head_json":{"title":"Licht und Schatten beim neuen Verpackungsgesetz","description":"Neue Regeln f\u00fcr Verpackungen mit Investitionsanreizen f\u00fcr chemisches Recycling und zus\u00e4tzlichen B\u00fcrokratiekosten\u00a0","robots":{"index":"index","follow":"follow","max-snippet":"max-snippet:-1","max-image-preview":"max-image-preview:large","max-video-preview":"max-video-preview:-1"},"canonical":"https:\/\/plasticseurope.org\/de\/2025\/11\/19\/licht-und-schatten-beim-neuen-verpackungsgesetz\/","og_locale":"de_DE","og_type":"article","og_title":"Licht und Schatten beim neuen Verpackungsgesetz","og_description":"Neue Regeln f\u00fcr Verpackungen mit Investitionsanreizen f\u00fcr chemisches Recycling und zus\u00e4tzlichen B\u00fcrokratiekosten\u00a0","og_url":"https:\/\/plasticseurope.org\/de\/2025\/11\/19\/licht-und-schatten-beim-neuen-verpackungsgesetz\/","og_site_name":"Plastics Europe DE","article_published_time":"2025-11-19T11:33:35+00:00","article_modified_time":"2026-04-14T11:39:06+00:00","og_image":[{"width":1920,"height":1080,"url":"https:\/\/plasticseurope.org\/de\/wp-content\/uploads\/sites\/3\/2025\/11\/VerpackungsDG.png","type":"image\/png"}],"author":"admin","twitter_card":"summary_large_image","twitter_title":"Licht und Schatten beim neuen Verpackungsgesetz","twitter_description":"Neue Regeln f\u00fcr Verpackungen mit Investitionsanreizen f\u00fcr chemisches Recycling und zus\u00e4tzlichen B\u00fcrokratiekosten\u00a0","twitter_image":"https:\/\/plasticseurope.org\/de\/wp-content\/uploads\/sites\/3\/2025\/11\/VerpackungsDG.png","twitter_creator":"@wp-admin","twitter_misc":{"Verfasst von":"admin"},"schema":{"@context":"https:\/\/schema.org","@graph":[{"@type":"WebPage","@id":"https:\/\/plasticseurope.org\/de\/2025\/11\/19\/licht-und-schatten-beim-neuen-verpackungsgesetz\/","url":"https:\/\/plasticseurope.org\/de\/2025\/11\/19\/licht-und-schatten-beim-neuen-verpackungsgesetz\/","name":"Licht und Schatten beim neuen Verpackungsgesetz","isPartOf":{"@id":"https:\/\/plasticseurope.org\/de\/#website"},"datePublished":"2025-11-19T11:33:35+00:00","dateModified":"2026-04-14T11:39:06+00:00","author":{"@id":"https:\/\/plasticseurope.org\/de\/#\/schema\/person\/1b7f52b3f1507100c36b9dac252b749a"},"description":"Neue Regeln f\u00fcr Verpackungen mit Investitionsanreizen f\u00fcr chemisches Recycling und zus\u00e4tzlichen B\u00fcrokratiekosten\u00a0","breadcrumb":{"@id":"https:\/\/plasticseurope.org\/de\/2025\/11\/19\/licht-und-schatten-beim-neuen-verpackungsgesetz\/#breadcrumb"},"inLanguage":"de-DE","potentialAction":[{"@type":"ReadAction","target":["https:\/\/plasticseurope.org\/de\/2025\/11\/19\/licht-und-schatten-beim-neuen-verpackungsgesetz\/"]}]},{"@type":"BreadcrumbList","@id":"https:\/\/plasticseurope.org\/de\/2025\/11\/19\/licht-und-schatten-beim-neuen-verpackungsgesetz\/#breadcrumb","itemListElement":[{"@type":"ListItem","position":1,"name":"Home","item":"https:\/\/plasticseurope.org\/de\/"},{"@type":"ListItem","position":2,"name":"Licht und Schatten beim neuen Verpackungsgesetz"}]},{"@type":"WebSite","@id":"https:\/\/plasticseurope.org\/de\/#website","url":"https:\/\/plasticseurope.org\/de\/","name":"Plastics Europe DE","description":"Enabling a sustainable future","potentialAction":[{"@type":"SearchAction","target":{"@type":"EntryPoint","urlTemplate":"https:\/\/plasticseurope.org\/de\/?s={search_term_string}"},"query-input":"required name=search_term_string"}],"inLanguage":"de-DE"},{"@type":"Person","@id":"https:\/\/plasticseurope.org\/de\/#\/schema\/person\/1b7f52b3f1507100c36b9dac252b749a","name":"admin","image":{"@type":"ImageObject","inLanguage":"de-DE","@id":"https:\/\/plasticseurope.org\/de\/#\/schema\/person\/image\/","url":"https:\/\/secure.gravatar.com\/avatar\/efc201767be6b43dfb89fdc85d2874f9ce0d79f7f853bd7c271900cd369fa0f8?s=96&d=mm&r=g","contentUrl":"https:\/\/secure.gravatar.com\/avatar\/efc201767be6b43dfb89fdc85d2874f9ce0d79f7f853bd7c271900cd369fa0f8?s=96&d=mm&r=g","caption":"admin"},"sameAs":["https:\/\/plasticseurope.org\/","https:\/\/twitter.com\/wp-admin"],"url":"https:\/\/plasticseurope.org\/de\/author\/wp-admin\/"}]}},"_links":{"self":[{"href":"https:\/\/plasticseurope.org\/de\/wp-json\/wp\/v2\/posts\/12853","targetHints":{"allow":["GET"]}}],"collection":[{"href":"https:\/\/plasticseurope.org\/de\/wp-json\/wp\/v2\/posts"}],"about":[{"href":"https:\/\/plasticseurope.org\/de\/wp-json\/wp\/v2\/types\/post"}],"author":[{"embeddable":true,"href":"https:\/\/plasticseurope.org\/de\/wp-json\/wp\/v2\/users\/1"}],"replies":[{"embeddable":true,"href":"https:\/\/plasticseurope.org\/de\/wp-json\/wp\/v2\/comments?post=12853"}],"version-history":[{"count":0,"href":"https:\/\/plasticseurope.org\/de\/wp-json\/wp\/v2\/posts\/12853\/revisions"}],"wp:featuredmedia":[{"embeddable":true,"href":"https:\/\/plasticseurope.org\/de\/wp-json\/wp\/v2\/media\/12855"}],"wp:attachment":[{"href":"https:\/\/plasticseurope.org\/de\/wp-json\/wp\/v2\/media?parent=12853"}],"wp:term":[{"taxonomy":"category","embeddable":true,"href":"https:\/\/plasticseurope.org\/de\/wp-json\/wp\/v2\/categories?post=12853"},{"taxonomy":"post_tag","embeddable":true,"href":"https:\/\/plasticseurope.org\/de\/wp-json\/wp\/v2\/tags?post=12853"}],"curies":[{"name":"wp","href":"https:\/\/api.w.org\/{rel}","templated":true}]}}