{"id":11392,"date":"2025-08-15T12:06:09","date_gmt":"2025-08-15T12:06:09","guid":{"rendered":"https:\/\/plasticseurope.org\/de\/?p=11392"},"modified":"2026-04-14T11:54:59","modified_gmt":"2026-04-14T11:54:59","slug":"stockende-gespraeche-in-genf-plastics-europe-draengt-weiter-auf-multilaterale-einigung-bei-plastikabkommen","status":"publish","type":"post","link":"https:\/\/plasticseurope.org\/de\/2025\/08\/15\/stockende-gespraeche-in-genf-plastics-europe-draengt-weiter-auf-multilaterale-einigung-bei-plastikabkommen\/","title":{"rendered":"Stockende Gespr\u00e4che in Genf: Plastics Europe dr\u00e4ngt weiter auf multilaterale Einigung bei Plastikabkommen"},"content":{"rendered":"\n<p><strong>Br\u00fcssel, 15.08.2025<\/strong> &#8211; Die Industrie fordert die UN-Mitgliedsstaaten auf, in der n\u00e4chsten Verhandlungsrunde zum globalen Plastikabkommen einen Konsens und geeignete Rahmenbedingungen zu schaffen, um die Umweltverschmutzung durch Kunststoffabf\u00e4lle einzud\u00e4mmen.<\/p>\n\n\n\n<p>Zum Abschluss der INC-5.2-Verhandlungen erkl\u00e4rt Virginia Janssens, Gesch\u00e4ftsf\u00fchrerin von Plastics Europe, dem Verband der Kunststofferzeuger, in Br\u00fcssel:<\/p>\n\n\n\n<p>\u201eWir sind entt\u00e4uscht, dass es in Genf nicht gelungen ist, ein rechtlich verbindliches globales Abkommen zur Kunststoffverschmutzung zu verabschieden. Wir sind jedoch dankbar f\u00fcr die unerm\u00fcdliche Arbeit des Vorsitzenden und der Verhandlungsteams. Wir begr\u00fc\u00dfen die Entscheidung und den politischen Willen, die Gespr\u00e4che fortzuf\u00fchren und einen globalen Konsens mit geeigneten Rahmenbedingungen zu schaffen.<\/p>\n\n\n\n<p>Umweltverschmutzung durch Kunststoffabf\u00e4lle ist eine globale, nicht nur regionale, Herausforderung. Wir appellieren an alle UN-Mitgliedsstaaten, die multilateralen Verhandlungen so bald wie m\u00f6glich wieder aufzunehmen.<\/p>\n\n\n\n<p>Aus unserer Sicht muss das Abkommen Ma\u00dfnahmen enthalten, die nachhaltige Produktion und verantwortungsvollen Konsum f\u00f6rdern, eine wirksame Abfallwirtschaft erm\u00f6glichen, zu der derzeit 2,7 Milliarden Menschen bislang keinen Zugang haben, und Berichtsmechanismen schaffen, die einen \u00dcbergang zur Kreislaufwirtschaft erm\u00f6glichen. Wir wollen, dass Kunststoffe am Ende ihrer Nutzungsphase als wertvoller Rohstoff und Handelsgut in den Kreislauf zur\u00fcckgef\u00fchrt werden, anstatt als Abfall in der Umwelt zu landen, deponiert oder verbrannt zu werden.<\/p>\n\n\n\n<p>Plastics Europe betont immer wieder, wie wichtig die Zusammenarbeit zwischen Regierungen, Industrie und Zivilgesellschaft ist. Verhandlerinnen und Verhandler sollten sich nun darauf konzentrieren, gemeinsame und national anpassbare L\u00f6sungen zu finden, um ein faires und ehrgeiziges Plastikabkommen zu erreichen.<\/p>\n\n\n\n<p>Die Ziele und Gesetze in der EU z\u00e4hlen weiterhin zu den fortschrittlichsten weltweit. Plastics Europe und seine Mitgliedsunternehmen werden weiterhin eng mit EU-Entscheidungstr\u00e4gern zusammenarbeiten, um die Plastics Transition Roadmap, unseren Fahrplan zu Kreislaufwirtschaft und Klimaneutralit\u00e4t bis 2050, umzusetzen und Europas Wettbewerbsf\u00e4higkeit zu st\u00e4rken.<\/p>\n\n\n\n<div style=\"height:100px\" aria-hidden=\"true\" class=\"wp-block-spacer is-style-small\"><\/div>\n\n\n\n<h2 class=\"wp-block-heading\">Pressefotos zum freien Download<\/h2>\n\n\n\n<div style=\"height:100px\" aria-hidden=\"true\" class=\"wp-block-spacer is-style-small\"><\/div>\n\n\n\n<figure class=\"wp-block-image size-full\"><a href=\"https:\/\/plasticseurope.org\/de\/wp-content\/uploads\/sites\/3\/2025\/08\/20_10_22_2017_F_UE_1868-scaled.jpg\"><img loading=\"lazy\" decoding=\"async\" width=\"2560\" height=\"1707\" src=\"https:\/\/plasticseurope.org\/de\/wp-content\/uploads\/sites\/3\/2025\/08\/20_10_22_2017_F_UE_1868-scaled.jpg\" alt=\"\" class=\"wp-image-11393\" srcset=\"https:\/\/plasticseurope.org\/de\/wp-content\/uploads\/sites\/3\/2025\/08\/20_10_22_2017_F_UE_1868-scaled.jpg 2560w, https:\/\/plasticseurope.org\/de\/wp-content\/uploads\/sites\/3\/2025\/08\/20_10_22_2017_F_UE_1868-300x200.jpg 300w, https:\/\/plasticseurope.org\/de\/wp-content\/uploads\/sites\/3\/2025\/08\/20_10_22_2017_F_UE_1868-1024x683.jpg 1024w, https:\/\/plasticseurope.org\/de\/wp-content\/uploads\/sites\/3\/2025\/08\/20_10_22_2017_F_UE_1868-768x512.jpg 768w, https:\/\/plasticseurope.org\/de\/wp-content\/uploads\/sites\/3\/2025\/08\/20_10_22_2017_F_UE_1868-1536x1024.jpg 1536w, https:\/\/plasticseurope.org\/de\/wp-content\/uploads\/sites\/3\/2025\/08\/20_10_22_2017_F_UE_1868-2048x1365.jpg 2048w, https:\/\/plasticseurope.org\/de\/wp-content\/uploads\/sites\/3\/2025\/08\/20_10_22_2017_F_UE_1868-1980x1320.jpg 1980w, https:\/\/plasticseurope.org\/de\/wp-content\/uploads\/sites\/3\/2025\/08\/20_10_22_2017_F_UE_1868-1260x840.jpg 1260w\" sizes=\"auto, (max-width: 2560px) 100vw, 2560px\" \/><\/a><figcaption class=\"wp-element-caption\">PlasticsEurope &#8211; K 2022<\/figcaption><\/figure>\n\n\n\n<div style=\"height:100px\" aria-hidden=\"true\" class=\"wp-block-spacer is-style-small\"><\/div>\n\n\n\n<h2 class=\"wp-block-heading\">Diese Pressemitteilung wurde unter anderem aufgegriffen von: <\/h2>\n\n\n\n<ul class=\"wp-block-list\">\n<li><a href=\"https:\/\/www.stern.de\/news\/europas-kunststoffhersteller-bedauern-scheitern-der-verhandlungen-zu-plastikabkommen-35976534.html\">Stern, 15.08.2025: Europas Kunststoffhersteller bedauern Scheitern der Verhandlungen zu Plastikabkommen<\/a><\/li>\n\n\n\n<li><a href=\"https:\/\/www.n-tv.de\/ticker\/EU-Kunststoffhersteller-sind-enttaeuscht-ueber-gescheiterte-Verhandlungen-zu-Plastikabkommen-article25968113.html\">ntv, 15.08.2025: EU-Kunststoffhersteller sind entt\u00e4uscht \u00fcber gescheiterte Verhandlungen zu Plastikabkommen<\/a><\/li>\n\n\n\n<li><a href=\"https:\/\/www.mdr.de\/audio-3011832_zc-61c1655f_zs-94656218.html\">MDR, 15.08.2025: Nach dem gescheiterten Plastikabkommen<\/a><\/li>\n\n\n\n<li><a href=\"https:\/\/www.neue-verpackung.de\/markt\/plastics-europe-fordert-globalen-konsens-im-kampf-gegen-kunststoffverschmutzung-524.html\">neue verpackungen, 15.08.2025: Plastics Europe fordert globalen Konsens im Kampf gegen Kunststoffverschmutzung<\/a><\/li>\n\n\n\n<li><a href=\"https:\/\/www.euwid-verpackung.de\/news\/markt\/un-plastikabkommen-vertreter-der-kunststoffindustrie-fordern-nachhaltige-und-globales-rahmenwerk-180825\/\">EuWid Verpackungen, 18.08.2025: UN-Plastikabkommen: Vertreter der Kunststoffindustrie fordern globales Rahmenwerk<\/a><\/li>\n\n\n\n<li><a href=\"https:\/\/www.k-zeitung.de\/grosse-enttaeuschung-un-plastikabkommen-gescheitert\">K-Zeitung: 18.08.2025: Gro\u00dfe Entt\u00e4uschung: UN-Plastikabkommen gescheitert<\/a><\/li>\n\n\n\n<li><a href=\"https:\/\/www.kunststoff-magazin.de\/news\/verpasste-chance-enttaeuschung-ueber-gescheitertes-un-plastikabkommen.htm\">Kunststoff-Magazin, 18.08.2025: Entt\u00e4uschung \u00fcber gescheitertes UN-Plastikabkommen<\/a><\/li>\n<\/ul>\n\n\n\n<div style=\"height:16px\" aria-hidden=\"true\" class=\"wp-block-spacer is-style-medium\"><\/div>\n\n\n\n<h2 class=\"wp-block-heading\">\u00dcber den Verband<\/h2>\n\n\n\n<p><em><em>Plastics Europe ist der europ\u00e4ische Verband der Kunststoffhersteller mit Niederlassungen in ganz Europa. Seit \u00fcber 100 Jahren sind Wissenschaft und Innovation die DNA unserer Branche. Mit Mitgliedern, die mehr als 90 % aller Polymere in der EU27+3 (Norwegen, Schweiz, Vereinigtes K\u00f6nigreich) herstellen, sind wir der Katalysator f\u00fcr die Branche und haben die Verantwortung, offen mit den Interessengruppen zusammenzuarbeiten und L\u00f6sungen zu liefern, die sicher, zirkul\u00e4r und nachhaltig sind. Wir setzen uns f\u00fcr die Umsetzung langfristiger positiver Ver\u00e4nderungen ein.<\/em><\/em><\/p>\n\n\n\n<div style=\"height:16px\" aria-hidden=\"true\" class=\"wp-block-spacer is-style-medium\"><\/div>\n\n\n\n<hr class=\"wp-block-separator has-text-color has-jade-color has-alpha-channel-opacity has-jade-background-color has-background\" \/>\n\n\n\n<div style=\"height:16px\" aria-hidden=\"true\" class=\"wp-block-spacer is-style-medium\"><\/div>\n\n\n\n<div class=\"wp-block-columns is-layout-flex wp-container-core-columns-is-layout-28f84493 wp-block-columns-is-layout-flex\">\n<div class=\"wp-block-column is-layout-flow wp-block-column-is-layout-flow\" style=\"flex-basis:63%\">\n<div class=\"wp-block-group is-layout-flow wp-block-group-is-layout-flow\">\n<figure class=\"wp-block-image size-full rounded-md overflow-hidden\"><img loading=\"lazy\" decoding=\"async\" width=\"540\" height=\"540\" src=\"https:\/\/plasticseurope.org\/de\/wp-content\/uploads\/sites\/3\/2023\/07\/Portrait_Bettina-Dempewolf_c_PlasticsEurope_540x540.png\" alt=\"Bettina Dempewolf: Sechs Ma\u00dfnahmen, die langfristig gegen das M\u00fcllproblem helfen\" class=\"wp-image-3107\" srcset=\"https:\/\/plasticseurope.org\/de\/wp-content\/uploads\/sites\/3\/2023\/07\/Portrait_Bettina-Dempewolf_c_PlasticsEurope_540x540.png 540w, https:\/\/plasticseurope.org\/de\/wp-content\/uploads\/sites\/3\/2023\/07\/Portrait_Bettina-Dempewolf_c_PlasticsEurope_540x540-300x300.png 300w, https:\/\/plasticseurope.org\/de\/wp-content\/uploads\/sites\/3\/2023\/07\/Portrait_Bettina-Dempewolf_c_PlasticsEurope_540x540-150x150.png 150w\" sizes=\"auto, (max-width: 540px) 100vw, 540px\" \/><\/figure>\n<\/div>\n<\/div>\n\n\n\n<div class=\"wp-block-column is-layout-flow wp-block-column-is-layout-flow\" style=\"flex-basis:250%\">\n<p>Ihre Ansprechpartnerin bei Plastics Europe:<\/p>\n\n\n\n<p><strong>Bettina Dempewolf<\/strong><br>Leiterin Kommunikation<br>Telefon: +49 171 9713962<\/p>\n\n\n\n<div class=\"wp-block-buttons is-layout-flex wp-block-buttons-is-layout-flex\">\n<div class=\"wp-block-button\"><a class=\"wp-block-button__link has-white-color has-jade-background-color has-text-color has-background wp-element-button\" href=\"https:\/\/plasticseurope.org\/de\/pressemitteilungen\/\">Link zum Presseportal<\/a><\/div>\n<\/div>\n\n\n\n<div style=\"height:16px\" aria-hidden=\"true\" class=\"wp-block-spacer is-style-small\"><\/div>\n\n\n\n<p><\/p>\n<\/div>\n<\/div>\n\n\n\n<hr class=\"wp-block-separator has-text-color has-jade-color has-alpha-channel-opacity has-jade-background-color has-background\" \/>\n\n\n\n<p><\/p>\n","protected":false},"excerpt":{"rendered":"<p>Reaktion von Plastics Europe auf den EU-Ratsbeschluss zur Altfahrzeugverordnung.<\/p>\n","protected":false},"author":1,"featured_media":11393,"comment_status":"closed","ping_status":"closed","sticky":false,"template":"","format":"standard","meta":{"footnotes":""},"categories":[6,7],"tags":[277,278,262,273],"class_list":["post-11392","post","type-post","status-publish","format-standard","has-post-thumbnail","hentry","category-news","category-pressemitteilungen","tag-automotive","tag-automotive-recycling","tag-buehne-plastics-europe","tag-elv"],"acf":[],"yoast_head":"<!-- This site is optimized with the Yoast SEO plugin v21.6 - https:\/\/yoast.com\/wordpress\/plugins\/seo\/ -->\n<title>Stockende Gespr\u00e4che in Genf: Plastics Europe dr\u00e4ngt weiter auf multilaterale Einigung bei Plastikabkommen<\/title>\n<meta name=\"description\" content=\"Die Industrie fordert die UN-Mitgliedsstaaten auf, in der n\u00e4chsten Verhandlungsrunde zum globalen Plastikabkommen einen Konsens und geeignete Rahmenbedingungen zu schaffen, um die Umweltverschmutzung durch Kunststoffabf\u00e4lle einzud\u00e4mmen.\" \/>\n<meta name=\"robots\" content=\"index, follow, max-snippet:-1, max-image-preview:large, max-video-preview:-1\" \/>\n<link rel=\"canonical\" href=\"https:\/\/plasticseurope.org\/de\/2025\/08\/15\/stockende-gespraeche-in-genf-plastics-europe-draengt-weiter-auf-multilaterale-einigung-bei-plastikabkommen\/\" \/>\n<meta property=\"og:locale\" content=\"de_DE\" \/>\n<meta property=\"og:type\" content=\"article\" \/>\n<meta property=\"og:title\" content=\"Stockende Gespr\u00e4che in Genf: Plastics Europe dr\u00e4ngt weiter auf multilaterale Einigung bei Plastikabkommen\" \/>\n<meta property=\"og:description\" content=\"Die Industrie fordert die UN-Mitgliedsstaaten auf, in der n\u00e4chsten Verhandlungsrunde zum globalen Plastikabkommen einen Konsens und geeignete Rahmenbedingungen zu schaffen, um die Umweltverschmutzung durch Kunststoffabf\u00e4lle einzud\u00e4mmen.\" \/>\n<meta property=\"og:url\" content=\"https:\/\/plasticseurope.org\/de\/2025\/08\/15\/stockende-gespraeche-in-genf-plastics-europe-draengt-weiter-auf-multilaterale-einigung-bei-plastikabkommen\/\" \/>\n<meta property=\"og:site_name\" content=\"Plastics Europe DE\" \/>\n<meta property=\"article:published_time\" content=\"2025-08-15T12:06:09+00:00\" \/>\n<meta property=\"article:modified_time\" content=\"2026-04-14T11:54:59+00:00\" \/>\n<meta property=\"og:image\" content=\"https:\/\/plasticseurope.org\/de\/wp-content\/uploads\/sites\/3\/2025\/08\/20_10_22_2017_F_UE_1868-scaled.jpg\" \/>\n\t<meta property=\"og:image:width\" content=\"2560\" \/>\n\t<meta property=\"og:image:height\" content=\"1707\" \/>\n\t<meta property=\"og:image:type\" content=\"image\/jpeg\" \/>\n<meta name=\"author\" content=\"admin\" \/>\n<meta name=\"twitter:card\" content=\"summary_large_image\" \/>\n<meta name=\"twitter:title\" content=\"Stockende Gespr\u00e4che in Genf: Plastics Europe dr\u00e4ngt weiter auf multilaterale Einigung bei Plastikabkommen\" \/>\n<meta name=\"twitter:description\" content=\"Die Industrie fordert die UN-Mitgliedsstaaten auf, in der n\u00e4chsten Verhandlungsrunde zum globalen Plastikabkommen einen Konsens und geeignete Rahmenbedingungen zu schaffen, um die Umweltverschmutzung durch Kunststoffabf\u00e4lle einzud\u00e4mmen.\" \/>\n<meta name=\"twitter:image\" content=\"https:\/\/plasticseurope.org\/de\/wp-content\/uploads\/sites\/3\/2025\/08\/20_10_22_2017_F_UE_1868-scaled.jpg\" \/>\n<meta name=\"twitter:creator\" content=\"@wp-admin\" \/>\n<meta name=\"twitter:label1\" content=\"Verfasst von\" \/>\n\t<meta name=\"twitter:data1\" content=\"admin\" \/>\n\t<meta name=\"twitter:label2\" content=\"Gesch\u00e4tzte Lesezeit\" \/>\n\t<meta name=\"twitter:data2\" content=\"3 Minuten\" \/>\n<script type=\"application\/ld+json\" class=\"yoast-schema-graph\">{\"@context\":\"https:\/\/schema.org\",\"@graph\":[{\"@type\":\"WebPage\",\"@id\":\"https:\/\/plasticseurope.org\/de\/2025\/08\/15\/stockende-gespraeche-in-genf-plastics-europe-draengt-weiter-auf-multilaterale-einigung-bei-plastikabkommen\/\",\"url\":\"https:\/\/plasticseurope.org\/de\/2025\/08\/15\/stockende-gespraeche-in-genf-plastics-europe-draengt-weiter-auf-multilaterale-einigung-bei-plastikabkommen\/\",\"name\":\"Stockende Gespr\u00e4che in Genf: Plastics Europe dr\u00e4ngt weiter auf multilaterale Einigung bei Plastikabkommen\",\"isPartOf\":{\"@id\":\"https:\/\/plasticseurope.org\/de\/#website\"},\"datePublished\":\"2025-08-15T12:06:09+00:00\",\"dateModified\":\"2026-04-14T11:54:59+00:00\",\"author\":{\"@id\":\"https:\/\/plasticseurope.org\/de\/#\/schema\/person\/1b7f52b3f1507100c36b9dac252b749a\"},\"description\":\"Die Industrie fordert die UN-Mitgliedsstaaten auf, in der n\u00e4chsten Verhandlungsrunde zum globalen Plastikabkommen einen Konsens und geeignete Rahmenbedingungen zu schaffen, um die Umweltverschmutzung durch Kunststoffabf\u00e4lle einzud\u00e4mmen.\",\"breadcrumb\":{\"@id\":\"https:\/\/plasticseurope.org\/de\/2025\/08\/15\/stockende-gespraeche-in-genf-plastics-europe-draengt-weiter-auf-multilaterale-einigung-bei-plastikabkommen\/#breadcrumb\"},\"inLanguage\":\"de-DE\",\"potentialAction\":[{\"@type\":\"ReadAction\",\"target\":[\"https:\/\/plasticseurope.org\/de\/2025\/08\/15\/stockende-gespraeche-in-genf-plastics-europe-draengt-weiter-auf-multilaterale-einigung-bei-plastikabkommen\/\"]}]},{\"@type\":\"BreadcrumbList\",\"@id\":\"https:\/\/plasticseurope.org\/de\/2025\/08\/15\/stockende-gespraeche-in-genf-plastics-europe-draengt-weiter-auf-multilaterale-einigung-bei-plastikabkommen\/#breadcrumb\",\"itemListElement\":[{\"@type\":\"ListItem\",\"position\":1,\"name\":\"Home\",\"item\":\"https:\/\/plasticseurope.org\/de\/\"},{\"@type\":\"ListItem\",\"position\":2,\"name\":\"Stockende Gespr\u00e4che in Genf: Plastics Europe dr\u00e4ngt weiter auf multilaterale Einigung bei Plastikabkommen\"}]},{\"@type\":\"WebSite\",\"@id\":\"https:\/\/plasticseurope.org\/de\/#website\",\"url\":\"https:\/\/plasticseurope.org\/de\/\",\"name\":\"Plastics Europe DE\",\"description\":\"Enabling a sustainable future\",\"potentialAction\":[{\"@type\":\"SearchAction\",\"target\":{\"@type\":\"EntryPoint\",\"urlTemplate\":\"https:\/\/plasticseurope.org\/de\/?s={search_term_string}\"},\"query-input\":\"required name=search_term_string\"}],\"inLanguage\":\"de-DE\"},{\"@type\":\"Person\",\"@id\":\"https:\/\/plasticseurope.org\/de\/#\/schema\/person\/1b7f52b3f1507100c36b9dac252b749a\",\"name\":\"admin\",\"image\":{\"@type\":\"ImageObject\",\"inLanguage\":\"de-DE\",\"@id\":\"https:\/\/plasticseurope.org\/de\/#\/schema\/person\/image\/\",\"url\":\"https:\/\/secure.gravatar.com\/avatar\/efc201767be6b43dfb89fdc85d2874f9ce0d79f7f853bd7c271900cd369fa0f8?s=96&d=mm&r=g\",\"contentUrl\":\"https:\/\/secure.gravatar.com\/avatar\/efc201767be6b43dfb89fdc85d2874f9ce0d79f7f853bd7c271900cd369fa0f8?s=96&d=mm&r=g\",\"caption\":\"admin\"},\"sameAs\":[\"https:\/\/plasticseurope.org\/\",\"https:\/\/twitter.com\/wp-admin\"],\"url\":\"https:\/\/plasticseurope.org\/de\/author\/wp-admin\/\"}]}<\/script>\n<!-- \/ Yoast SEO plugin. -->","yoast_head_json":{"title":"Stockende Gespr\u00e4che in Genf: Plastics Europe dr\u00e4ngt weiter auf multilaterale Einigung bei Plastikabkommen","description":"Die Industrie fordert die UN-Mitgliedsstaaten auf, in der n\u00e4chsten Verhandlungsrunde zum globalen Plastikabkommen einen Konsens und geeignete Rahmenbedingungen zu schaffen, um die Umweltverschmutzung durch Kunststoffabf\u00e4lle einzud\u00e4mmen.","robots":{"index":"index","follow":"follow","max-snippet":"max-snippet:-1","max-image-preview":"max-image-preview:large","max-video-preview":"max-video-preview:-1"},"canonical":"https:\/\/plasticseurope.org\/de\/2025\/08\/15\/stockende-gespraeche-in-genf-plastics-europe-draengt-weiter-auf-multilaterale-einigung-bei-plastikabkommen\/","og_locale":"de_DE","og_type":"article","og_title":"Stockende Gespr\u00e4che in Genf: Plastics Europe dr\u00e4ngt weiter auf multilaterale Einigung bei Plastikabkommen","og_description":"Die Industrie fordert die UN-Mitgliedsstaaten auf, in der n\u00e4chsten Verhandlungsrunde zum globalen Plastikabkommen einen Konsens und geeignete Rahmenbedingungen zu schaffen, um die Umweltverschmutzung durch Kunststoffabf\u00e4lle einzud\u00e4mmen.","og_url":"https:\/\/plasticseurope.org\/de\/2025\/08\/15\/stockende-gespraeche-in-genf-plastics-europe-draengt-weiter-auf-multilaterale-einigung-bei-plastikabkommen\/","og_site_name":"Plastics Europe DE","article_published_time":"2025-08-15T12:06:09+00:00","article_modified_time":"2026-04-14T11:54:59+00:00","og_image":[{"width":2560,"height":1707,"url":"https:\/\/plasticseurope.org\/de\/wp-content\/uploads\/sites\/3\/2025\/08\/20_10_22_2017_F_UE_1868-scaled.jpg","type":"image\/jpeg"}],"author":"admin","twitter_card":"summary_large_image","twitter_title":"Stockende Gespr\u00e4che in Genf: Plastics Europe dr\u00e4ngt weiter auf multilaterale Einigung bei Plastikabkommen","twitter_description":"Die Industrie fordert die UN-Mitgliedsstaaten auf, in der n\u00e4chsten Verhandlungsrunde zum globalen Plastikabkommen einen Konsens und geeignete Rahmenbedingungen zu schaffen, um die Umweltverschmutzung durch Kunststoffabf\u00e4lle einzud\u00e4mmen.","twitter_image":"https:\/\/plasticseurope.org\/de\/wp-content\/uploads\/sites\/3\/2025\/08\/20_10_22_2017_F_UE_1868-scaled.jpg","twitter_creator":"@wp-admin","twitter_misc":{"Verfasst von":"admin","Gesch\u00e4tzte Lesezeit":"3 Minuten"},"schema":{"@context":"https:\/\/schema.org","@graph":[{"@type":"WebPage","@id":"https:\/\/plasticseurope.org\/de\/2025\/08\/15\/stockende-gespraeche-in-genf-plastics-europe-draengt-weiter-auf-multilaterale-einigung-bei-plastikabkommen\/","url":"https:\/\/plasticseurope.org\/de\/2025\/08\/15\/stockende-gespraeche-in-genf-plastics-europe-draengt-weiter-auf-multilaterale-einigung-bei-plastikabkommen\/","name":"Stockende Gespr\u00e4che in Genf: Plastics Europe dr\u00e4ngt weiter auf multilaterale Einigung bei Plastikabkommen","isPartOf":{"@id":"https:\/\/plasticseurope.org\/de\/#website"},"datePublished":"2025-08-15T12:06:09+00:00","dateModified":"2026-04-14T11:54:59+00:00","author":{"@id":"https:\/\/plasticseurope.org\/de\/#\/schema\/person\/1b7f52b3f1507100c36b9dac252b749a"},"description":"Die Industrie fordert die UN-Mitgliedsstaaten auf, in der n\u00e4chsten Verhandlungsrunde zum globalen Plastikabkommen einen Konsens und geeignete Rahmenbedingungen zu schaffen, um die Umweltverschmutzung durch Kunststoffabf\u00e4lle einzud\u00e4mmen.","breadcrumb":{"@id":"https:\/\/plasticseurope.org\/de\/2025\/08\/15\/stockende-gespraeche-in-genf-plastics-europe-draengt-weiter-auf-multilaterale-einigung-bei-plastikabkommen\/#breadcrumb"},"inLanguage":"de-DE","potentialAction":[{"@type":"ReadAction","target":["https:\/\/plasticseurope.org\/de\/2025\/08\/15\/stockende-gespraeche-in-genf-plastics-europe-draengt-weiter-auf-multilaterale-einigung-bei-plastikabkommen\/"]}]},{"@type":"BreadcrumbList","@id":"https:\/\/plasticseurope.org\/de\/2025\/08\/15\/stockende-gespraeche-in-genf-plastics-europe-draengt-weiter-auf-multilaterale-einigung-bei-plastikabkommen\/#breadcrumb","itemListElement":[{"@type":"ListItem","position":1,"name":"Home","item":"https:\/\/plasticseurope.org\/de\/"},{"@type":"ListItem","position":2,"name":"Stockende Gespr\u00e4che in Genf: Plastics Europe dr\u00e4ngt weiter auf multilaterale Einigung bei Plastikabkommen"}]},{"@type":"WebSite","@id":"https:\/\/plasticseurope.org\/de\/#website","url":"https:\/\/plasticseurope.org\/de\/","name":"Plastics Europe DE","description":"Enabling a sustainable future","potentialAction":[{"@type":"SearchAction","target":{"@type":"EntryPoint","urlTemplate":"https:\/\/plasticseurope.org\/de\/?s={search_term_string}"},"query-input":"required name=search_term_string"}],"inLanguage":"de-DE"},{"@type":"Person","@id":"https:\/\/plasticseurope.org\/de\/#\/schema\/person\/1b7f52b3f1507100c36b9dac252b749a","name":"admin","image":{"@type":"ImageObject","inLanguage":"de-DE","@id":"https:\/\/plasticseurope.org\/de\/#\/schema\/person\/image\/","url":"https:\/\/secure.gravatar.com\/avatar\/efc201767be6b43dfb89fdc85d2874f9ce0d79f7f853bd7c271900cd369fa0f8?s=96&d=mm&r=g","contentUrl":"https:\/\/secure.gravatar.com\/avatar\/efc201767be6b43dfb89fdc85d2874f9ce0d79f7f853bd7c271900cd369fa0f8?s=96&d=mm&r=g","caption":"admin"},"sameAs":["https:\/\/plasticseurope.org\/","https:\/\/twitter.com\/wp-admin"],"url":"https:\/\/plasticseurope.org\/de\/author\/wp-admin\/"}]}},"_links":{"self":[{"href":"https:\/\/plasticseurope.org\/de\/wp-json\/wp\/v2\/posts\/11392","targetHints":{"allow":["GET"]}}],"collection":[{"href":"https:\/\/plasticseurope.org\/de\/wp-json\/wp\/v2\/posts"}],"about":[{"href":"https:\/\/plasticseurope.org\/de\/wp-json\/wp\/v2\/types\/post"}],"author":[{"embeddable":true,"href":"https:\/\/plasticseurope.org\/de\/wp-json\/wp\/v2\/users\/1"}],"replies":[{"embeddable":true,"href":"https:\/\/plasticseurope.org\/de\/wp-json\/wp\/v2\/comments?post=11392"}],"version-history":[{"count":0,"href":"https:\/\/plasticseurope.org\/de\/wp-json\/wp\/v2\/posts\/11392\/revisions"}],"wp:featuredmedia":[{"embeddable":true,"href":"https:\/\/plasticseurope.org\/de\/wp-json\/wp\/v2\/media\/11393"}],"wp:attachment":[{"href":"https:\/\/plasticseurope.org\/de\/wp-json\/wp\/v2\/media?parent=11392"}],"wp:term":[{"taxonomy":"category","embeddable":true,"href":"https:\/\/plasticseurope.org\/de\/wp-json\/wp\/v2\/categories?post=11392"},{"taxonomy":"post_tag","embeddable":true,"href":"https:\/\/plasticseurope.org\/de\/wp-json\/wp\/v2\/tags?post=11392"}],"curies":[{"name":"wp","href":"https:\/\/api.w.org\/{rel}","templated":true}]}}