{"id":11369,"date":"2025-08-04T07:09:22","date_gmt":"2025-08-04T07:09:22","guid":{"rendered":"https:\/\/plasticseurope.org\/de\/?p=11369"},"modified":"2026-04-14T11:54:34","modified_gmt":"2026-04-14T11:54:34","slug":"plastics-europe-zum-un-plastikabkommen","status":"publish","type":"post","link":"https:\/\/plasticseurope.org\/de\/2025\/08\/04\/plastics-europe-zum-un-plastikabkommen\/","title":{"rendered":"UN-Plastikabkommen: Plastics Europe sieht Kreislaufwirtschaft als Schl\u00fcssel zur L\u00f6sung"},"content":{"rendered":"\n<p><strong>Frankfurt, 4. August 2025<\/strong> \u2013<em> Vom 5. bis 14. August 2025 findet in Genf eine zus\u00e4tzliche Verhandlungsrunde zum globalen Plastikabkommen  (INC-5.2) statt. Plastics Europe sieht im Global Plastics Treaty eine einmalige Chance, die Transformation hin zu einer echten Kreislaufwirtschaft weltweit voranzutreiben. Der Verband der Kunststofferzeuger unterst\u00fctzt ein ambitioniertes und rechtlich verbindliches Abkommen, das konkrete Fortschritte bei der Bek\u00e4mpfung der Kunststoffverschmutzung erm\u00f6glicht.<\/em><\/p>\n\n\n\n<p>\u201eWir unterst\u00fctzen nachdr\u00fccklich ein ehrgeiziges Abkommen, das sp\u00fcrbare Auswirkungen auf die Bek\u00e4mpfung von Kunststoffabf\u00e4llen in der Umwelt hat\u201c, sagt Dr. Christine Bunte, Hauptgesch\u00e4ftsf\u00fchrerin von Plastics Europe Deutschland.<\/p>\n\n\n\n<p>Dazu geh\u00f6rt aus Sicht des Verbandes eine klare Priorisierung der Kreislaufwirtschaft mit ambitionierten, l\u00e4nderspezifischen Zielen f\u00fcr Recycling und den Einsatz von recycelten Kunststoffen in neuen Produkten. Entscheidend ist, dass sich die L\u00e4nder im Abkommen verpflichten, nationale Ziele zu verabschieden und durchzusetzen. Dazu muss der Zugang zu einer geordneten Abfallentsorgung f\u00fcr die 2,7 Milliarden Menschen ohne solche Systeme verbessert werden. Au\u00dferdem braucht es wissenschaftlich fundierte Ma\u00dfnahmen, um besonders problematische Anwendungen zu adressieren.<\/p>\n\n\n\n<p>\u201eUmweltverschmutzung durch Plastikm\u00fcll ist ein gro\u00dfes Problem. Die Bek\u00e4mpfung von Plastikm\u00fcll ist eine gemeinsame Verantwortung, die eine systemweite Zusammenarbeit erfordert \u2013 innerhalb unserer Branche, entlang der gesamten Wertsch\u00f6pfungskette und mit Beh\u00f6rden und der Gesellschaft insgesamt. Daher setzen wir uns aktiv f\u00fcr die Zusammenarbeit mit politischen Entscheidungstr\u00e4gern, Wissenschaft und Zivilgesellschaft ein.\u201c, so Dr. Christine Bunte weiter.<\/p>\n\n\n\n<p>Ein zentrales Instrument zur Umsetzung dieses faktenbasierten Ansatzes ist der von Plastics Europe entwickelte Entscheidungsbaum f\u00fcr problematische Kunststoffanwendungen mit hoher Umweltbelastung. Dieser ber\u00fccksichtigt unter anderem die Langlebigkeit und Wiederverwendbarkeit von Produkten, das Abfallmanagement vor Ort sowie Produktnutzen und die Verf\u00fcgbarkeit von Alternativen. Somit k\u00f6nnen Anwendungen identifiziert werden, die unter den jeweiligen lokalen Gegebenheiten vermeidbar und besonders umweltsch\u00e4dlich sind. Ziel ist es, gezielt Ma\u00dfnahmen dort zu ergreifen, wo sie den gr\u00f6\u00dften positiven Effekt haben, ohne essenzielle Anwendungen zu gef\u00e4hrden.<\/p>\n\n\n\n<p>Kunststoffe sind in vielen Bereichen unverzichtbar \u2013 etwa in der Medizin, erneuerbaren Energien, Lebensmittelversorgung oder Mobilit\u00e4t. Studien zeigen, dass andere Alternativen oft h\u00f6here CO<sub>2<\/sub>-Emissionen verursachen und neue Herausforderungen mit sich bringen k\u00f6nnen.<\/p>\n\n\n\n<p>Aus diesem Grund pl\u00e4diert Plastics Europe f\u00fcr einen differenzierten Ansatz, der beispielsweise kurzlebige oder Einwegprodukte durch langlebigere Alternativen ersetzt, sofern diese eine bessere Umweltbilanz haben. Diese Prinzipien sind auch Teil der eigenen \u201eTransition Roadmap\u201c f\u00fcr eine klimaneutrale, zirkul\u00e4re Kunststoffwirtschaft.<\/p>\n\n\n\n<p>Weitere Informationen zu den Positionen und Projekten von Plastics Europe finden Sie unter:<a id=\"_msocom_1\"><\/a><br><strong>\ud83d\udc49<a href=\"https:\/\/plasticseurope.org\/media\/plastics-europe-urges-negotiators-to-continue-ambitious-agreement\/\"> Plastics Europe urges global plastics agreement negotiators to continue on ambitious path \u2022 Plastics Europe<\/a><\/strong><\/p>\n\n\n\n<div style=\"height:100px\" aria-hidden=\"true\" class=\"wp-block-spacer is-style-medium\"><\/div>\n\n\n\n<h2 class=\"wp-block-heading\">Diese Pressemitteilung wurde unter anderem aufgegriffen von: <\/h2>\n\n\n\n<ul class=\"wp-block-list\">\n<li><a href=\"https:\/\/www.deutschlandfunk.de\/verhandlungen-ueber-uno-plastikabkommen-einigung-im-sechsten-anlauf-104.html\">Deutschlandfunk, 05.08.2025: Verhandlungen \u00fcber UNO-Plastikabkommen: Einigung im sechsten Anlauf?<\/a><\/li>\n\n\n\n<li><a href=\"https:\/\/background.tagesspiegel.de\/agrar-und-ernaehrung\/briefing\/un-plastikabkommen-koennte-landwirtschaftliche-boeden-durch-mittelbare-massnahmen-schuetzen\">Tagesspiegel, 05.08.2025: UN-Plastikabkommen k\u00f6nnte landwirtschaftliche B\u00f6den durch mittelbare Ma\u00dfnahmen sch\u00fctzen<\/a><\/li>\n\n\n\n<li><a href=\"https:\/\/www.dw.com\/de\/plastikmuell-gelingt-ein-internationales-abkommen-plastik-recycling-umweltschutz-un-deutschland-v4\/a-73494301\">Deutsche Welle, 05.08.2025: Plastikm\u00fcll: Gelingt ein internationales Abkommen?<\/a><\/li>\n\n\n\n<li><a href=\"https:\/\/www.ardmediathek.de\/video\/tagesschau\/tagesschau-20-00-uhr-05-08-2025\/das-erste\/Y3JpZDovL3RhZ2Vzc2NoYXUuZGUvYzkyYjVkNmEtZGZlMi00M2MwLTkzMmItZmI2OTk1OTIwOTg2LVNFTkRVTkdTVklERU8\">ARD, 08.08.2025: Tagesschau&nbsp; vom 05.08.2025<\/a><\/li>\n\n\n\n<li><a href=\"http:\/\/Mikroplastik und Plastik in den Meeren: Was droht uns und der Umwelt?\">Euronews, 12.08.2025: Mikroplastik und Plastik in den Meeren: Was droht uns und der Umwelt?<\/a><\/li>\n\n\n\n<li><a href=\"https:\/\/www.handelsblatt.com\/politik\/international\/recycling-grosse-oelproduzenten-und-usa-blockieren-plastik-abkommen-der-un\/100146605.html\">Handelsblatt, 13.08.2025: \u00d6lproduzenten und die USA blockieren Plastik-Abkommen der UN<\/a><\/li>\n<\/ul>\n\n\n\n<div style=\"height:16px\" aria-hidden=\"true\" class=\"wp-block-spacer is-style-medium\"><\/div>\n\n\n\n<h2 class=\"wp-block-heading\">\u00dcber den Verband<\/h2>\n\n\n\n<p><em><em>Plastics Europe ist der europ\u00e4ische Verband der Kunststoffhersteller mit Niederlassungen in ganz Europa. Seit \u00fcber 100 Jahren sind Wissenschaft und Innovation die DNA unserer Branche. Mit Mitgliedern, die mehr als 90 % aller Polymere in der EU27+3 (Norwegen, Schweiz, Vereinigtes K\u00f6nigreich) herstellen, sind wir der Katalysator f\u00fcr die Branche und haben die Verantwortung, offen mit den Interessengruppen zusammenzuarbeiten und L\u00f6sungen zu liefern, die sicher, zirkul\u00e4r und nachhaltig sind. Wir setzen uns f\u00fcr die Umsetzung langfristiger positiver Ver\u00e4nderungen ein.<\/em><\/em><\/p>\n\n\n\n<div style=\"height:16px\" aria-hidden=\"true\" class=\"wp-block-spacer is-style-medium\"><\/div>\n\n\n\n<hr class=\"wp-block-separator has-text-color has-jade-color has-alpha-channel-opacity has-jade-background-color has-background\" \/>\n\n\n\n<div style=\"height:16px\" aria-hidden=\"true\" class=\"wp-block-spacer is-style-medium\"><\/div>\n\n\n\n<div class=\"wp-block-columns is-layout-flex wp-container-core-columns-is-layout-28f84493 wp-block-columns-is-layout-flex\">\n<div class=\"wp-block-column is-layout-flow wp-block-column-is-layout-flow\" style=\"flex-basis:63%\">\n<div class=\"wp-block-group is-layout-flow wp-block-group-is-layout-flow\">\n<figure class=\"wp-block-image size-full rounded-md overflow-hidden\"><img loading=\"lazy\" decoding=\"async\" width=\"540\" height=\"540\" src=\"https:\/\/plasticseurope.org\/de\/wp-content\/uploads\/sites\/3\/2023\/07\/Portrait_Bettina-Dempewolf_c_PlasticsEurope_540x540.png\" alt=\"Bettina Dempewolf: Sechs Ma\u00dfnahmen, die langfristig gegen das M\u00fcllproblem helfen\" class=\"wp-image-3107\" srcset=\"https:\/\/plasticseurope.org\/de\/wp-content\/uploads\/sites\/3\/2023\/07\/Portrait_Bettina-Dempewolf_c_PlasticsEurope_540x540.png 540w, https:\/\/plasticseurope.org\/de\/wp-content\/uploads\/sites\/3\/2023\/07\/Portrait_Bettina-Dempewolf_c_PlasticsEurope_540x540-300x300.png 300w, https:\/\/plasticseurope.org\/de\/wp-content\/uploads\/sites\/3\/2023\/07\/Portrait_Bettina-Dempewolf_c_PlasticsEurope_540x540-150x150.png 150w\" sizes=\"auto, (max-width: 540px) 100vw, 540px\" \/><\/figure>\n<\/div>\n<\/div>\n\n\n\n<div class=\"wp-block-column is-layout-flow wp-block-column-is-layout-flow\" style=\"flex-basis:250%\">\n<p>Ihre Ansprechpartnerin bei Plastics Europe:<\/p>\n\n\n\n<p><strong>Bettina Dempewolf<\/strong><br>Leiterin Kommunikation<br>Telefon: +49 171 9713962<\/p>\n\n\n\n<div class=\"wp-block-buttons is-layout-flex wp-block-buttons-is-layout-flex\">\n<div class=\"wp-block-button\"><a class=\"wp-block-button__link has-white-color has-jade-background-color has-text-color has-background wp-element-button\" href=\"https:\/\/plasticseurope.org\/de\/pressemitteilungen\/\">Link zum Presseportal<\/a><\/div>\n<\/div>\n\n\n\n<div style=\"height:16px\" aria-hidden=\"true\" class=\"wp-block-spacer is-style-small\"><\/div>\n\n\n\n<p><\/p>\n<\/div>\n<\/div>\n\n\n\n<hr class=\"wp-block-separator has-text-color has-jade-color has-alpha-channel-opacity has-jade-background-color has-background\" \/>\n\n\n\n<p><\/p>\n","protected":false},"excerpt":{"rendered":"<p>Plastics Europe sieht im Global Plastics Treaty eine einmalige Chance, die Transformation hin zu einer echten Kreislaufwirtschaft weltweit voranzutreiben.<\/p>\n","protected":false},"author":40,"featured_media":11335,"comment_status":"closed","ping_status":"closed","sticky":false,"template":"","format":"standard","meta":{"footnotes":""},"categories":[6,7],"tags":[284,282,283,281,280,26],"class_list":["post-11369","post","type-post","status-publish","format-standard","has-post-thumbnail","hentry","category-news","category-pressemitteilungen","tag-genf","tag-global-plastics-treaty","tag-inc-5-2","tag-plastikmuell","tag-un-plastics-treaty","tag-un-plastikabkommen"],"acf":[],"yoast_head":"<!-- This site is optimized with the Yoast SEO plugin v21.6 - https:\/\/yoast.com\/wordpress\/plugins\/seo\/ -->\n<title>Plastics Europe zum UN-Plastikabkommen INC-5.2<\/title>\n<meta name=\"description\" content=\"UN-Plastikabkommen bietet einmalige Chance, die Transformation zu einer echten Kreislaufwirtschaft weltweit voranzutreiben.\" \/>\n<meta name=\"robots\" content=\"index, follow, max-snippet:-1, max-image-preview:large, max-video-preview:-1\" \/>\n<link rel=\"canonical\" href=\"https:\/\/plasticseurope.org\/de\/2025\/08\/04\/plastics-europe-zum-un-plastikabkommen\/\" \/>\n<meta property=\"og:locale\" content=\"de_DE\" \/>\n<meta property=\"og:type\" content=\"article\" \/>\n<meta property=\"og:title\" content=\"Verb\u00e4nde f\u00fcr Einf\u00fchrung von kompostierbaren Obstbeuteln\" \/>\n<meta property=\"og:description\" content=\"Plastics Europe Deutschland und weitere Verb\u00e4nde sprechen daf\u00fcr aus, kompostierbare Obst- und Gem\u00fcsebeutel zum neuen Standard zu machen.\" \/>\n<meta property=\"og:url\" content=\"https:\/\/plasticseurope.org\/de\/2025\/08\/04\/plastics-europe-zum-un-plastikabkommen\/\" \/>\n<meta property=\"og:site_name\" content=\"Plastics Europe DE\" \/>\n<meta property=\"article:published_time\" content=\"2025-08-04T07:09:22+00:00\" \/>\n<meta property=\"article:modified_time\" content=\"2026-04-14T11:54:34+00:00\" \/>\n<meta property=\"og:image\" content=\"https:\/\/plasticseurope.org\/de\/wp-content\/uploads\/sites\/3\/2025\/07\/Beutel-1.jpg\" \/>\n\t<meta property=\"og:image:width\" content=\"1536\" \/>\n\t<meta property=\"og:image:height\" content=\"1024\" \/>\n\t<meta property=\"og:image:type\" content=\"image\/jpeg\" \/>\n<meta name=\"author\" content=\"bettinadempewolf\" \/>\n<meta name=\"twitter:card\" content=\"summary_large_image\" \/>\n<meta name=\"twitter:title\" content=\"Verb\u00e4nde f\u00fcr Einf\u00fchrung von kompostierbaren Obstbeuteln\" \/>\n<meta name=\"twitter:description\" content=\"Plastics Europe Deutschland und weitere Verb\u00e4nde sprechen daf\u00fcr aus, kompostierbare Obst- und Gem\u00fcsebeutel zum neuen Standard zu machen.\" \/>\n<meta name=\"twitter:image\" content=\"https:\/\/plasticseurope.org\/de\/wp-content\/uploads\/sites\/3\/2025\/07\/Beutel-1.jpg\" \/>\n<meta name=\"twitter:creator\" content=\"@wp-admin\" \/>\n<meta name=\"twitter:label1\" content=\"Verfasst von\" \/>\n\t<meta name=\"twitter:data1\" content=\"bettinadempewolf\" \/>\n\t<meta name=\"twitter:label2\" content=\"Gesch\u00e4tzte Lesezeit\" \/>\n\t<meta name=\"twitter:data2\" content=\"4 Minuten\" \/>\n<script type=\"application\/ld+json\" class=\"yoast-schema-graph\">{\"@context\":\"https:\/\/schema.org\",\"@graph\":[{\"@type\":\"WebPage\",\"@id\":\"https:\/\/plasticseurope.org\/de\/2025\/08\/04\/plastics-europe-zum-un-plastikabkommen\/\",\"url\":\"https:\/\/plasticseurope.org\/de\/2025\/08\/04\/plastics-europe-zum-un-plastikabkommen\/\",\"name\":\"Plastics Europe zum UN-Plastikabkommen INC-5.2\",\"isPartOf\":{\"@id\":\"https:\/\/plasticseurope.org\/de\/#website\"},\"datePublished\":\"2025-08-04T07:09:22+00:00\",\"dateModified\":\"2026-04-14T11:54:34+00:00\",\"author\":{\"@id\":\"https:\/\/plasticseurope.org\/de\/#\/schema\/person\/681002138c31905879314ecbd060cfd3\"},\"description\":\"UN-Plastikabkommen bietet einmalige Chance, die Transformation zu einer echten Kreislaufwirtschaft weltweit voranzutreiben.\",\"breadcrumb\":{\"@id\":\"https:\/\/plasticseurope.org\/de\/2025\/08\/04\/plastics-europe-zum-un-plastikabkommen\/#breadcrumb\"},\"inLanguage\":\"de-DE\",\"potentialAction\":[{\"@type\":\"ReadAction\",\"target\":[\"https:\/\/plasticseurope.org\/de\/2025\/08\/04\/plastics-europe-zum-un-plastikabkommen\/\"]}]},{\"@type\":\"BreadcrumbList\",\"@id\":\"https:\/\/plasticseurope.org\/de\/2025\/08\/04\/plastics-europe-zum-un-plastikabkommen\/#breadcrumb\",\"itemListElement\":[{\"@type\":\"ListItem\",\"position\":1,\"name\":\"Home\",\"item\":\"https:\/\/plasticseurope.org\/de\/\"},{\"@type\":\"ListItem\",\"position\":2,\"name\":\"UN-Plastikabkommen: Plastics Europe sieht Kreislaufwirtschaft als Schl\u00fcssel zur L\u00f6sung\"}]},{\"@type\":\"WebSite\",\"@id\":\"https:\/\/plasticseurope.org\/de\/#website\",\"url\":\"https:\/\/plasticseurope.org\/de\/\",\"name\":\"Plastics Europe DE\",\"description\":\"Enabling a sustainable future\",\"potentialAction\":[{\"@type\":\"SearchAction\",\"target\":{\"@type\":\"EntryPoint\",\"urlTemplate\":\"https:\/\/plasticseurope.org\/de\/?s={search_term_string}\"},\"query-input\":\"required name=search_term_string\"}],\"inLanguage\":\"de-DE\"},{\"@type\":\"Person\",\"@id\":\"https:\/\/plasticseurope.org\/de\/#\/schema\/person\/681002138c31905879314ecbd060cfd3\",\"name\":\"bettinadempewolf\",\"image\":{\"@type\":\"ImageObject\",\"inLanguage\":\"de-DE\",\"@id\":\"https:\/\/plasticseurope.org\/de\/#\/schema\/person\/image\/\",\"url\":\"https:\/\/secure.gravatar.com\/avatar\/b2c3088cdaa8e1b1a0c96ee34c1eeb8ca9b1cde28513d162135464c647211ac0?s=96&d=mm&r=g\",\"contentUrl\":\"https:\/\/secure.gravatar.com\/avatar\/b2c3088cdaa8e1b1a0c96ee34c1eeb8ca9b1cde28513d162135464c647211ac0?s=96&d=mm&r=g\",\"caption\":\"bettinadempewolf\"},\"sameAs\":[\"https:\/\/twitter.com\/wp-admin\"],\"url\":\"https:\/\/plasticseurope.org\/de\/author\/bettinadempewolf\/\"}]}<\/script>\n<!-- \/ Yoast SEO plugin. -->","yoast_head_json":{"title":"Plastics Europe zum UN-Plastikabkommen INC-5.2","description":"UN-Plastikabkommen bietet einmalige Chance, die Transformation zu einer echten Kreislaufwirtschaft weltweit voranzutreiben.","robots":{"index":"index","follow":"follow","max-snippet":"max-snippet:-1","max-image-preview":"max-image-preview:large","max-video-preview":"max-video-preview:-1"},"canonical":"https:\/\/plasticseurope.org\/de\/2025\/08\/04\/plastics-europe-zum-un-plastikabkommen\/","og_locale":"de_DE","og_type":"article","og_title":"Verb\u00e4nde f\u00fcr Einf\u00fchrung von kompostierbaren Obstbeuteln","og_description":"Plastics Europe Deutschland und weitere Verb\u00e4nde sprechen daf\u00fcr aus, kompostierbare Obst- und Gem\u00fcsebeutel zum neuen Standard zu machen.","og_url":"https:\/\/plasticseurope.org\/de\/2025\/08\/04\/plastics-europe-zum-un-plastikabkommen\/","og_site_name":"Plastics Europe DE","article_published_time":"2025-08-04T07:09:22+00:00","article_modified_time":"2026-04-14T11:54:34+00:00","og_image":[{"width":1536,"height":1024,"url":"https:\/\/plasticseurope.org\/de\/wp-content\/uploads\/sites\/3\/2025\/07\/Beutel-1.jpg","type":"image\/jpeg"}],"author":"bettinadempewolf","twitter_card":"summary_large_image","twitter_title":"Verb\u00e4nde f\u00fcr Einf\u00fchrung von kompostierbaren Obstbeuteln","twitter_description":"Plastics Europe Deutschland und weitere Verb\u00e4nde sprechen daf\u00fcr aus, kompostierbare Obst- und Gem\u00fcsebeutel zum neuen Standard zu machen.","twitter_image":"https:\/\/plasticseurope.org\/de\/wp-content\/uploads\/sites\/3\/2025\/07\/Beutel-1.jpg","twitter_creator":"@wp-admin","twitter_misc":{"Verfasst von":"bettinadempewolf","Gesch\u00e4tzte Lesezeit":"4 Minuten"},"schema":{"@context":"https:\/\/schema.org","@graph":[{"@type":"WebPage","@id":"https:\/\/plasticseurope.org\/de\/2025\/08\/04\/plastics-europe-zum-un-plastikabkommen\/","url":"https:\/\/plasticseurope.org\/de\/2025\/08\/04\/plastics-europe-zum-un-plastikabkommen\/","name":"Plastics Europe zum UN-Plastikabkommen INC-5.2","isPartOf":{"@id":"https:\/\/plasticseurope.org\/de\/#website"},"datePublished":"2025-08-04T07:09:22+00:00","dateModified":"2026-04-14T11:54:34+00:00","author":{"@id":"https:\/\/plasticseurope.org\/de\/#\/schema\/person\/681002138c31905879314ecbd060cfd3"},"description":"UN-Plastikabkommen bietet einmalige Chance, die Transformation zu einer echten Kreislaufwirtschaft weltweit voranzutreiben.","breadcrumb":{"@id":"https:\/\/plasticseurope.org\/de\/2025\/08\/04\/plastics-europe-zum-un-plastikabkommen\/#breadcrumb"},"inLanguage":"de-DE","potentialAction":[{"@type":"ReadAction","target":["https:\/\/plasticseurope.org\/de\/2025\/08\/04\/plastics-europe-zum-un-plastikabkommen\/"]}]},{"@type":"BreadcrumbList","@id":"https:\/\/plasticseurope.org\/de\/2025\/08\/04\/plastics-europe-zum-un-plastikabkommen\/#breadcrumb","itemListElement":[{"@type":"ListItem","position":1,"name":"Home","item":"https:\/\/plasticseurope.org\/de\/"},{"@type":"ListItem","position":2,"name":"UN-Plastikabkommen: Plastics Europe sieht Kreislaufwirtschaft als Schl\u00fcssel zur L\u00f6sung"}]},{"@type":"WebSite","@id":"https:\/\/plasticseurope.org\/de\/#website","url":"https:\/\/plasticseurope.org\/de\/","name":"Plastics Europe DE","description":"Enabling a sustainable future","potentialAction":[{"@type":"SearchAction","target":{"@type":"EntryPoint","urlTemplate":"https:\/\/plasticseurope.org\/de\/?s={search_term_string}"},"query-input":"required name=search_term_string"}],"inLanguage":"de-DE"},{"@type":"Person","@id":"https:\/\/plasticseurope.org\/de\/#\/schema\/person\/681002138c31905879314ecbd060cfd3","name":"bettinadempewolf","image":{"@type":"ImageObject","inLanguage":"de-DE","@id":"https:\/\/plasticseurope.org\/de\/#\/schema\/person\/image\/","url":"https:\/\/secure.gravatar.com\/avatar\/b2c3088cdaa8e1b1a0c96ee34c1eeb8ca9b1cde28513d162135464c647211ac0?s=96&d=mm&r=g","contentUrl":"https:\/\/secure.gravatar.com\/avatar\/b2c3088cdaa8e1b1a0c96ee34c1eeb8ca9b1cde28513d162135464c647211ac0?s=96&d=mm&r=g","caption":"bettinadempewolf"},"sameAs":["https:\/\/twitter.com\/wp-admin"],"url":"https:\/\/plasticseurope.org\/de\/author\/bettinadempewolf\/"}]}},"_links":{"self":[{"href":"https:\/\/plasticseurope.org\/de\/wp-json\/wp\/v2\/posts\/11369","targetHints":{"allow":["GET"]}}],"collection":[{"href":"https:\/\/plasticseurope.org\/de\/wp-json\/wp\/v2\/posts"}],"about":[{"href":"https:\/\/plasticseurope.org\/de\/wp-json\/wp\/v2\/types\/post"}],"author":[{"embeddable":true,"href":"https:\/\/plasticseurope.org\/de\/wp-json\/wp\/v2\/users\/40"}],"replies":[{"embeddable":true,"href":"https:\/\/plasticseurope.org\/de\/wp-json\/wp\/v2\/comments?post=11369"}],"version-history":[{"count":0,"href":"https:\/\/plasticseurope.org\/de\/wp-json\/wp\/v2\/posts\/11369\/revisions"}],"wp:featuredmedia":[{"embeddable":true,"href":"https:\/\/plasticseurope.org\/de\/wp-json\/wp\/v2\/media\/11335"}],"wp:attachment":[{"href":"https:\/\/plasticseurope.org\/de\/wp-json\/wp\/v2\/media?parent=11369"}],"wp:term":[{"taxonomy":"category","embeddable":true,"href":"https:\/\/plasticseurope.org\/de\/wp-json\/wp\/v2\/categories?post=11369"},{"taxonomy":"post_tag","embeddable":true,"href":"https:\/\/plasticseurope.org\/de\/wp-json\/wp\/v2\/tags?post=11369"}],"curies":[{"name":"wp","href":"https:\/\/api.w.org\/{rel}","templated":true}]}}