{"id":10540,"date":"2024-05-27T11:16:11","date_gmt":"2024-05-27T11:16:11","guid":{"rendered":"https:\/\/plasticseurope.wpenginepowered.com\/de\/?p=10540"},"modified":"2026-04-14T12:16:13","modified_gmt":"2026-04-14T12:16:13","slug":"alexander-kronimus-uebernimmt-interim-hauptgeschaeftsfuehrung","status":"publish","type":"post","link":"https:\/\/plasticseurope.org\/de\/2024\/05\/27\/alexander-kronimus-uebernimmt-interim-hauptgeschaeftsfuehrung\/","title":{"rendered":"Ingemar B\u00fchler verl\u00e4sst PlasticsEurope Deutschland e.V. \u2013 Alexander Kronimus \u00fcbernimmt interim Hauptgesch\u00e4ftsf\u00fchrung"},"content":{"rendered":"\n<p><strong>Frankfurt, 27. Mai 2024<\/strong> \u2013 Der Verband der Kunststofferzeuger, PlasticsEurope Deutschland e.V., teilt mit, dass Ingemar B\u00fchler zum 31. Mai 2024 den Verband auf eigenen Wunsch verl\u00e4sst, um sich neuen beruflichen Aufgaben zu widmen. Ingemar B\u00fchler war seit 1. Januar 2021 Hauptgesch\u00e4ftsf\u00fchrer des Verbandes. <\/p>\n\n\n\n<p>\u201eIn den vergangenen Jahren hat PlasticsEurope Deutschland e.V. seine Pr\u00e4senz im politischen Diskurs und in den Medien deutlich ausgebaut. Daf\u00fcr bedanken wir uns bei Ingemar B\u00fchler und w\u00fcnschen ihm f\u00fcr die Zukunft alles Gute.\u201c, so Ralf D\u00fcssel, Vorsitzender des Vorstandes von PlasticsEurope Deutschland e.V. <\/p>\n\n\n\n<p>Bis auf Weiteres \u00fcbernimmt Alexander Kronimus die Verbandsleitung, der seit 2022 den Bereich Klimaschutz und Kreislaufwirtschaft leitet und 2023 zum Gesch\u00e4ftsf\u00fchrer berufen wurde.<\/p>\n\n\n\n<div style=\"height:100px\" aria-hidden=\"true\" class=\"wp-block-spacer is-style-small\"><\/div>\n\n\n\n<div style=\"height:100px\" aria-hidden=\"true\" class=\"wp-block-spacer is-style-small\"><\/div>\n\n\n\n<h2 class=\"wp-block-heading\">\u00dcber den Verband<\/h2>\n\n\n\n<p><em>PlasticsEurope Deutschland e. V.&nbsp;ist der Verband der Kunststofferzeuger in Deutschland. Der Verband ist ein Fachverband des&nbsp;<\/em><a href=\"https:\/\/www.vci.de\/startseite.jsp\" target=\"_blank\" rel=\"noreferrer noopener\"><em>Verbandes der Chemischen Industrie&nbsp;<\/em><\/a><em>(VCI) und Teil des europ\u00e4ischen Netzwerks&nbsp;<\/em><a href=\"https:\/\/www.plasticseurope.org\/en\" target=\"_blank\" rel=\"noreferrer noopener\"><em>Plastics Europe&nbsp;<\/em><\/a><em>mit Vertretung in Br\u00fcssel und den europ\u00e4ischen Wirtschaftszentren- und Hauptst\u00e4dten.<\/em><\/p>\n\n\n\n<div style=\"height:16px\" aria-hidden=\"true\" class=\"wp-block-spacer is-style-medium\"><\/div>\n\n\n\n<hr class=\"wp-block-separator has-text-color has-jade-color has-alpha-channel-opacity has-jade-background-color has-background\" \/>\n\n\n\n<div style=\"height:16px\" aria-hidden=\"true\" class=\"wp-block-spacer is-style-medium\"><\/div>\n\n\n\n<div class=\"wp-block-columns is-layout-flex wp-container-core-columns-is-layout-28f84493 wp-block-columns-is-layout-flex\">\n<div class=\"wp-block-column is-layout-flow wp-block-column-is-layout-flow\" style=\"flex-basis:63%\">\n<div class=\"wp-block-group is-layout-flow wp-block-group-is-layout-flow\">\n<figure class=\"wp-block-image size-full rounded-md overflow-hidden\"><img loading=\"lazy\" decoding=\"async\" width=\"540\" height=\"540\" src=\"https:\/\/plasticseurope.org\/de\/wp-content\/uploads\/sites\/3\/2023\/07\/Portrait_Bettina-Dempewolf_c_PlasticsEurope_540x540.png\" alt=\"Bettina Dempewolf: Sechs Ma\u00dfnahmen, die langfristig gegen das M\u00fcllproblem helfen\" class=\"wp-image-3107\" srcset=\"https:\/\/plasticseurope.org\/de\/wp-content\/uploads\/sites\/3\/2023\/07\/Portrait_Bettina-Dempewolf_c_PlasticsEurope_540x540.png 540w, https:\/\/plasticseurope.org\/de\/wp-content\/uploads\/sites\/3\/2023\/07\/Portrait_Bettina-Dempewolf_c_PlasticsEurope_540x540-300x300.png 300w, https:\/\/plasticseurope.org\/de\/wp-content\/uploads\/sites\/3\/2023\/07\/Portrait_Bettina-Dempewolf_c_PlasticsEurope_540x540-150x150.png 150w\" sizes=\"auto, (max-width: 540px) 100vw, 540px\" \/><\/figure>\n<\/div>\n<\/div>\n\n\n\n<div class=\"wp-block-column is-layout-flow wp-block-column-is-layout-flow\" style=\"flex-basis:250%\">\n<p>Ihre Ansprechpartnerin bei Plastics Europe:<\/p>\n\n\n\n<p><strong>Bettina Dempewolf<\/strong><br>Leiterin Kommunikation<br>Telefon: +49 171 9713962<\/p>\n\n\n\n<div class=\"wp-block-buttons is-layout-flex wp-block-buttons-is-layout-flex\">\n<div class=\"wp-block-button\"><a class=\"wp-block-button__link has-white-color has-jade-background-color has-text-color has-background wp-element-button\" href=\"https:\/\/plasticseurope.org\/de\/pressemitteilungen\/\">Link zum Presseportal<\/a><\/div>\n<\/div>\n\n\n\n<div style=\"height:16px\" aria-hidden=\"true\" class=\"wp-block-spacer is-style-small\"><\/div>\n\n\n\n<p><em>Inklusive Pressefotos<\/em><\/p>\n<\/div>\n<\/div>\n\n\n\n<hr class=\"wp-block-separator has-text-color has-jade-color has-alpha-channel-opacity has-jade-background-color has-background\" \/>\n","protected":false},"excerpt":{"rendered":"<p>Ingemar B\u00fchler verl\u00e4sst PlasticsEurope Deutschland e.V. \u2013 Alexander Kronimus \u00fcbernimmt interim Hauptgesch\u00e4ftsf\u00fchrung<\/p>\n","protected":false},"author":1,"featured_media":10543,"comment_status":"closed","ping_status":"closed","sticky":false,"template":"","format":"standard","meta":{"footnotes":""},"categories":[6,7],"tags":[199,49,69,78],"class_list":["post-10540","post","type-post","status-publish","format-standard","has-post-thumbnail","hentry","category-news","category-pressemitteilungen","tag-alexander-kronimus","tag-ingemar-buehler","tag-plastics-europe","tag-ralf-duessel"],"acf":[],"yoast_head":"<!-- This site is optimized with the Yoast SEO plugin v21.6 - https:\/\/yoast.com\/wordpress\/plugins\/seo\/ -->\n<title>Ingemar B\u00fchler verl\u00e4sst PlasticsEurope Deutschland e.V. \u2013 Alexander Kronimus \u00fcbernimmt interim Hauptgesch\u00e4ftsf\u00fchrung<\/title>\n<meta name=\"description\" content=\"Bis auf Weiteres \u00fcbernimmt Alexander Kronimus die Verbandsleitung, der seit 2022 den Bereich Klimaschutz und Kreislaufwirtschaft leitet.\" \/>\n<meta name=\"robots\" content=\"index, follow, max-snippet:-1, max-image-preview:large, max-video-preview:-1\" \/>\n<link rel=\"canonical\" href=\"https:\/\/plasticseurope.org\/de\/2024\/05\/27\/alexander-kronimus-uebernimmt-interim-hauptgeschaeftsfuehrung\/\" \/>\n<meta property=\"og:locale\" content=\"de_DE\" \/>\n<meta property=\"og:type\" content=\"article\" \/>\n<meta property=\"og:title\" content=\"Ingemar B\u00fchler verl\u00e4sst PlasticsEurope Deutschland e.V. \u2013 Alexander Kronimus \u00fcbernimmt interim Hauptgesch\u00e4ftsf\u00fchrung\" \/>\n<meta property=\"og:description\" content=\"Bis auf Weiteres \u00fcbernimmt Alexander Kronimus die Verbandsleitung, der seit 2022 den Bereich Klimaschutz und Kreislaufwirtschaft leitet.\" \/>\n<meta property=\"og:url\" content=\"https:\/\/plasticseurope.org\/de\/2024\/05\/27\/alexander-kronimus-uebernimmt-interim-hauptgeschaeftsfuehrung\/\" \/>\n<meta property=\"og:site_name\" content=\"Plastics Europe DE\" \/>\n<meta property=\"article:published_time\" content=\"2024-05-27T11:16:11+00:00\" \/>\n<meta property=\"article:modified_time\" content=\"2026-04-14T12:16:13+00:00\" \/>\n<meta property=\"og:image\" content=\"https:\/\/plasticseurope.org\/de\/wp-content\/uploads\/sites\/3\/2024\/05\/Pressefoto-Alexander-Kronimus-1024x768.png\" \/>\n\t<meta property=\"og:image:width\" content=\"1024\" \/>\n\t<meta property=\"og:image:height\" content=\"768\" \/>\n\t<meta property=\"og:image:type\" content=\"image\/png\" \/>\n<meta name=\"author\" content=\"admin\" \/>\n<meta name=\"twitter:card\" content=\"summary_large_image\" \/>\n<meta name=\"twitter:title\" content=\"Ingemar B\u00fchler verl\u00e4sst PlasticsEurope Deutschland e.V. \u2013 Alexander Kronimus \u00fcbernimmt interim Hauptgesch\u00e4ftsf\u00fchrung\" \/>\n<meta name=\"twitter:description\" content=\"Bis auf Weiteres \u00fcbernimmt Alexander Kronimus die Verbandsleitung, der seit 2022 den Bereich Klimaschutz und Kreislaufwirtschaft leitet.\" \/>\n<meta name=\"twitter:image\" content=\"https:\/\/plasticseurope.org\/de\/wp-content\/uploads\/sites\/3\/2024\/05\/Pressefoto-Alexander-Kronimus.png\" \/>\n<meta name=\"twitter:creator\" content=\"@wp-admin\" \/>\n<meta name=\"twitter:label1\" content=\"Verfasst von\" \/>\n\t<meta name=\"twitter:data1\" content=\"admin\" \/>\n\t<meta name=\"twitter:label2\" content=\"Gesch\u00e4tzte Lesezeit\" \/>\n\t<meta name=\"twitter:data2\" content=\"2 Minuten\" \/>\n<script type=\"application\/ld+json\" class=\"yoast-schema-graph\">{\"@context\":\"https:\/\/schema.org\",\"@graph\":[{\"@type\":\"WebPage\",\"@id\":\"https:\/\/plasticseurope.org\/de\/2024\/05\/27\/alexander-kronimus-uebernimmt-interim-hauptgeschaeftsfuehrung\/\",\"url\":\"https:\/\/plasticseurope.org\/de\/2024\/05\/27\/alexander-kronimus-uebernimmt-interim-hauptgeschaeftsfuehrung\/\",\"name\":\"Ingemar B\u00fchler verl\u00e4sst PlasticsEurope Deutschland e.V. \u2013 Alexander Kronimus \u00fcbernimmt interim Hauptgesch\u00e4ftsf\u00fchrung\",\"isPartOf\":{\"@id\":\"https:\/\/plasticseurope.org\/de\/#website\"},\"datePublished\":\"2024-05-27T11:16:11+00:00\",\"dateModified\":\"2026-04-14T12:16:13+00:00\",\"author\":{\"@id\":\"https:\/\/plasticseurope.org\/de\/#\/schema\/person\/1b7f52b3f1507100c36b9dac252b749a\"},\"description\":\"Bis auf Weiteres \u00fcbernimmt Alexander Kronimus die Verbandsleitung, der seit 2022 den Bereich Klimaschutz und Kreislaufwirtschaft leitet.\",\"breadcrumb\":{\"@id\":\"https:\/\/plasticseurope.org\/de\/2024\/05\/27\/alexander-kronimus-uebernimmt-interim-hauptgeschaeftsfuehrung\/#breadcrumb\"},\"inLanguage\":\"de-DE\",\"potentialAction\":[{\"@type\":\"ReadAction\",\"target\":[\"https:\/\/plasticseurope.org\/de\/2024\/05\/27\/alexander-kronimus-uebernimmt-interim-hauptgeschaeftsfuehrung\/\"]}]},{\"@type\":\"BreadcrumbList\",\"@id\":\"https:\/\/plasticseurope.org\/de\/2024\/05\/27\/alexander-kronimus-uebernimmt-interim-hauptgeschaeftsfuehrung\/#breadcrumb\",\"itemListElement\":[{\"@type\":\"ListItem\",\"position\":1,\"name\":\"Home\",\"item\":\"https:\/\/plasticseurope.org\/de\/\"},{\"@type\":\"ListItem\",\"position\":2,\"name\":\"Ingemar B\u00fchler verl\u00e4sst PlasticsEurope Deutschland e.V. \u2013 Alexander Kronimus \u00fcbernimmt interim Hauptgesch\u00e4ftsf\u00fchrung\"}]},{\"@type\":\"WebSite\",\"@id\":\"https:\/\/plasticseurope.org\/de\/#website\",\"url\":\"https:\/\/plasticseurope.org\/de\/\",\"name\":\"Plastics Europe DE\",\"description\":\"Enabling a sustainable future\",\"potentialAction\":[{\"@type\":\"SearchAction\",\"target\":{\"@type\":\"EntryPoint\",\"urlTemplate\":\"https:\/\/plasticseurope.org\/de\/?s={search_term_string}\"},\"query-input\":\"required name=search_term_string\"}],\"inLanguage\":\"de-DE\"},{\"@type\":\"Person\",\"@id\":\"https:\/\/plasticseurope.org\/de\/#\/schema\/person\/1b7f52b3f1507100c36b9dac252b749a\",\"name\":\"admin\",\"image\":{\"@type\":\"ImageObject\",\"inLanguage\":\"de-DE\",\"@id\":\"https:\/\/plasticseurope.org\/de\/#\/schema\/person\/image\/\",\"url\":\"https:\/\/secure.gravatar.com\/avatar\/efc201767be6b43dfb89fdc85d2874f9ce0d79f7f853bd7c271900cd369fa0f8?s=96&d=mm&r=g\",\"contentUrl\":\"https:\/\/secure.gravatar.com\/avatar\/efc201767be6b43dfb89fdc85d2874f9ce0d79f7f853bd7c271900cd369fa0f8?s=96&d=mm&r=g\",\"caption\":\"admin\"},\"sameAs\":[\"https:\/\/plasticseurope.org\/\",\"https:\/\/twitter.com\/wp-admin\"],\"url\":\"https:\/\/plasticseurope.org\/de\/author\/wp-admin\/\"}]}<\/script>\n<!-- \/ Yoast SEO plugin. -->","yoast_head_json":{"title":"Ingemar B\u00fchler verl\u00e4sst PlasticsEurope Deutschland e.V. \u2013 Alexander Kronimus \u00fcbernimmt interim Hauptgesch\u00e4ftsf\u00fchrung","description":"Bis auf Weiteres \u00fcbernimmt Alexander Kronimus die Verbandsleitung, der seit 2022 den Bereich Klimaschutz und Kreislaufwirtschaft leitet.","robots":{"index":"index","follow":"follow","max-snippet":"max-snippet:-1","max-image-preview":"max-image-preview:large","max-video-preview":"max-video-preview:-1"},"canonical":"https:\/\/plasticseurope.org\/de\/2024\/05\/27\/alexander-kronimus-uebernimmt-interim-hauptgeschaeftsfuehrung\/","og_locale":"de_DE","og_type":"article","og_title":"Ingemar B\u00fchler verl\u00e4sst PlasticsEurope Deutschland e.V. \u2013 Alexander Kronimus \u00fcbernimmt interim Hauptgesch\u00e4ftsf\u00fchrung","og_description":"Bis auf Weiteres \u00fcbernimmt Alexander Kronimus die Verbandsleitung, der seit 2022 den Bereich Klimaschutz und Kreislaufwirtschaft leitet.","og_url":"https:\/\/plasticseurope.org\/de\/2024\/05\/27\/alexander-kronimus-uebernimmt-interim-hauptgeschaeftsfuehrung\/","og_site_name":"Plastics Europe DE","article_published_time":"2024-05-27T11:16:11+00:00","article_modified_time":"2026-04-14T12:16:13+00:00","og_image":[{"width":1024,"height":768,"url":"https:\/\/plasticseurope.org\/de\/wp-content\/uploads\/sites\/3\/2024\/05\/Pressefoto-Alexander-Kronimus-1024x768.png","type":"image\/png"}],"author":"admin","twitter_card":"summary_large_image","twitter_title":"Ingemar B\u00fchler verl\u00e4sst PlasticsEurope Deutschland e.V. \u2013 Alexander Kronimus \u00fcbernimmt interim Hauptgesch\u00e4ftsf\u00fchrung","twitter_description":"Bis auf Weiteres \u00fcbernimmt Alexander Kronimus die Verbandsleitung, der seit 2022 den Bereich Klimaschutz und Kreislaufwirtschaft leitet.","twitter_image":"https:\/\/plasticseurope.org\/de\/wp-content\/uploads\/sites\/3\/2024\/05\/Pressefoto-Alexander-Kronimus.png","twitter_creator":"@wp-admin","twitter_misc":{"Verfasst von":"admin","Gesch\u00e4tzte Lesezeit":"2 Minuten"},"schema":{"@context":"https:\/\/schema.org","@graph":[{"@type":"WebPage","@id":"https:\/\/plasticseurope.org\/de\/2024\/05\/27\/alexander-kronimus-uebernimmt-interim-hauptgeschaeftsfuehrung\/","url":"https:\/\/plasticseurope.org\/de\/2024\/05\/27\/alexander-kronimus-uebernimmt-interim-hauptgeschaeftsfuehrung\/","name":"Ingemar B\u00fchler verl\u00e4sst PlasticsEurope Deutschland e.V. \u2013 Alexander Kronimus \u00fcbernimmt interim Hauptgesch\u00e4ftsf\u00fchrung","isPartOf":{"@id":"https:\/\/plasticseurope.org\/de\/#website"},"datePublished":"2024-05-27T11:16:11+00:00","dateModified":"2026-04-14T12:16:13+00:00","author":{"@id":"https:\/\/plasticseurope.org\/de\/#\/schema\/person\/1b7f52b3f1507100c36b9dac252b749a"},"description":"Bis auf Weiteres \u00fcbernimmt Alexander Kronimus die Verbandsleitung, der seit 2022 den Bereich Klimaschutz und Kreislaufwirtschaft leitet.","breadcrumb":{"@id":"https:\/\/plasticseurope.org\/de\/2024\/05\/27\/alexander-kronimus-uebernimmt-interim-hauptgeschaeftsfuehrung\/#breadcrumb"},"inLanguage":"de-DE","potentialAction":[{"@type":"ReadAction","target":["https:\/\/plasticseurope.org\/de\/2024\/05\/27\/alexander-kronimus-uebernimmt-interim-hauptgeschaeftsfuehrung\/"]}]},{"@type":"BreadcrumbList","@id":"https:\/\/plasticseurope.org\/de\/2024\/05\/27\/alexander-kronimus-uebernimmt-interim-hauptgeschaeftsfuehrung\/#breadcrumb","itemListElement":[{"@type":"ListItem","position":1,"name":"Home","item":"https:\/\/plasticseurope.org\/de\/"},{"@type":"ListItem","position":2,"name":"Ingemar B\u00fchler verl\u00e4sst PlasticsEurope Deutschland e.V. \u2013 Alexander Kronimus \u00fcbernimmt interim Hauptgesch\u00e4ftsf\u00fchrung"}]},{"@type":"WebSite","@id":"https:\/\/plasticseurope.org\/de\/#website","url":"https:\/\/plasticseurope.org\/de\/","name":"Plastics Europe DE","description":"Enabling a sustainable future","potentialAction":[{"@type":"SearchAction","target":{"@type":"EntryPoint","urlTemplate":"https:\/\/plasticseurope.org\/de\/?s={search_term_string}"},"query-input":"required name=search_term_string"}],"inLanguage":"de-DE"},{"@type":"Person","@id":"https:\/\/plasticseurope.org\/de\/#\/schema\/person\/1b7f52b3f1507100c36b9dac252b749a","name":"admin","image":{"@type":"ImageObject","inLanguage":"de-DE","@id":"https:\/\/plasticseurope.org\/de\/#\/schema\/person\/image\/","url":"https:\/\/secure.gravatar.com\/avatar\/efc201767be6b43dfb89fdc85d2874f9ce0d79f7f853bd7c271900cd369fa0f8?s=96&d=mm&r=g","contentUrl":"https:\/\/secure.gravatar.com\/avatar\/efc201767be6b43dfb89fdc85d2874f9ce0d79f7f853bd7c271900cd369fa0f8?s=96&d=mm&r=g","caption":"admin"},"sameAs":["https:\/\/plasticseurope.org\/","https:\/\/twitter.com\/wp-admin"],"url":"https:\/\/plasticseurope.org\/de\/author\/wp-admin\/"}]}},"_links":{"self":[{"href":"https:\/\/plasticseurope.org\/de\/wp-json\/wp\/v2\/posts\/10540","targetHints":{"allow":["GET"]}}],"collection":[{"href":"https:\/\/plasticseurope.org\/de\/wp-json\/wp\/v2\/posts"}],"about":[{"href":"https:\/\/plasticseurope.org\/de\/wp-json\/wp\/v2\/types\/post"}],"author":[{"embeddable":true,"href":"https:\/\/plasticseurope.org\/de\/wp-json\/wp\/v2\/users\/1"}],"replies":[{"embeddable":true,"href":"https:\/\/plasticseurope.org\/de\/wp-json\/wp\/v2\/comments?post=10540"}],"version-history":[{"count":0,"href":"https:\/\/plasticseurope.org\/de\/wp-json\/wp\/v2\/posts\/10540\/revisions"}],"wp:featuredmedia":[{"embeddable":true,"href":"https:\/\/plasticseurope.org\/de\/wp-json\/wp\/v2\/media\/10543"}],"wp:attachment":[{"href":"https:\/\/plasticseurope.org\/de\/wp-json\/wp\/v2\/media?parent=10540"}],"wp:term":[{"taxonomy":"category","embeddable":true,"href":"https:\/\/plasticseurope.org\/de\/wp-json\/wp\/v2\/categories?post=10540"},{"taxonomy":"post_tag","embeddable":true,"href":"https:\/\/plasticseurope.org\/de\/wp-json\/wp\/v2\/tags?post=10540"}],"curies":[{"name":"wp","href":"https:\/\/api.w.org\/{rel}","templated":true}]}}